{"id":261682,"date":"2025-07-20T18:37:14","date_gmt":"2025-07-20T18:37:14","guid":{"rendered":"https:\/\/www.europesays.com\/fr\/261682\/"},"modified":"2025-07-20T18:37:14","modified_gmt":"2025-07-20T18:37:14","slug":"croisieres-dans-les-alpes-maritimes-lupe06-appelle-a-une-regulation-concertee","status":"publish","type":"post","link":"https:\/\/www.europesays.com\/fr\/261682\/","title":{"rendered":"Croisi\u00e8res dans les Alpes-Maritimes : l\u2019UPE06 appelle \u00e0 une r\u00e9gulation concert\u00e9e"},"content":{"rendered":"<p>                    <img loading=\"lazy\" decoding=\"async\" src=\"https:\/\/www.europesays.com\/fr\/wp-content\/uploads\/2025\/07\/bae7f97c80e41bffeec74a92bbbd53.jpg\" class=\"img-responsive post-image\" width=\"680\" height=\"510\" alt=\"Croisi\u00e8res dans les (\u2026)\" title=\"Croisi\u00e8res dans les Alpes-Maritimes : l'UPE06 appelle \u00e0 une r\u00e9gulation concert\u00e9e\"\/><\/p>\n<p class=\"chapo\">Face aux d\u00e9cisions r\u00e9centes de plusieurs collectivit\u00e9s locales visant \u00e0 restreindre fortement l\u2019activit\u00e9 des croisi\u00e8res sur le littoral azur\u00e9en, l\u2019Union pour l\u2019Entreprise des Alpes-Maritimes (UPE06) alerte sur les cons\u00e9quences \u00e9conomiques de telles orientations prises \u00ab\u00a0 sans concertation pr\u00e9alable avec les fili\u00e8res \u00e9conomiques concern\u00e9es \u00a0\u00bb.<\/p>\n<p>Dans un communiqu\u00e9 publi\u00e9 jeudi 17 juillet, l\u2019organisation patronale exprime son inqui\u00e9tude quant \u00e0 l\u2019<strong>absence d\u2019\u00e9tude d\u2019impact globale<\/strong> et redoute des effets en cascade sur tout un pan de l\u2019\u00e9conomie locale. Sont notamment \u00e9voqu\u00e9s les secteurs maritimes et portuaires, les commerces ainsi que les emplois saisonniers et p\u00e9rennes.<br class=\"autobr\"\/><br \/>\n\u00ab\u00a0Il est essentiel d\u2019engager un v\u00e9ritable dialogue entre les \u00e9lus et les acteurs \u00e9conomiques. La transition vers un tourisme plus responsable est un objectif que nous partageons, mais elle doit se construire ensemble, avec m\u00e9thode et concertation\u00a0\u00bb, mart\u00e8le Franck Cannata, pr\u00e9sident de l\u2019UPE06.<\/p>\n<p><br class=\"autobr\"\/><br \/>\n<strong>Lire aussi\u00a0:<\/strong> Navires de croisi\u00e8re\u00a0: <a href=\"https:\/\/www.petitesaffiches.fr\/annonces-legales-france,057\/acces-restreint-06,068\/entreprise,086\/navires-de-croisiere-la-metropole,36312.html?lang=fr\" rel=\"nofollow noopener\" target=\"_blank\">La m\u00e9tropole appelle l\u2019\u00c9tat \u00e0 \u00ab\u00a0prendre ses responsabilit\u00e9s\u00a0\u00bb<\/a><br class=\"autobr\"\/><br \/>\n\u00c9tude et concertation<\/p>\n<p><strong>Le syndicat formule deux demandes principales\u00a0:<\/strong><br \/>\n<br \/><b>\u2013<\/b>\u00a0la r\u00e9alisation d\u2019une \u00e9tude d\u2019impact compl\u00e8te, permettant de mesurer objectivement les cons\u00e9quences \u00e9conomiques des restrictions envisag\u00e9es,<br \/>\n<br \/><b>\u2013<\/b>\u00a0et l\u2019association syst\u00e9matique des acteurs \u00e9conomiques \u00e0 l\u2019\u00e9laboration des strat\u00e9gies de d\u00e9veloppement territorial, notamment dans le cadre des d\u00e9cisions prises par les collectivit\u00e9s locales.<\/p>\n<p>Dans un contexte de transition \u00e9cologique, l\u2019UPE06 plaide pour une \u00e9volution qualitative du secteur de la croisi\u00e8re\u00a0: moins de volume, mais une activit\u00e9 plus r\u00e9gul\u00e9e, plus respectueuse de l\u2019environnement et g\u00e9n\u00e9rant davantage de retomb\u00e9es locales. \u00ab\u00a0Il ne s\u2019agit pas de choisir entre environnement et \u00e9conomie, mais d\u2019inventer un mod\u00e8le qui respecte l\u2019un et soutienne l\u2019autre\u00a0\u00bb, conclut Franck Cannata.<\/p>\n<p><strong>Lire aussi<\/strong>\u00a0: <a href=\"https:\/\/www.petitesaffiches.fr\/actualites,069\/economie,045\/4259-etude-croisiere-cci,33598.html\" rel=\"nofollow noopener\" target=\"_blank\">La CCI 06 se penche sur l\u2019impact de l\u2019arr\u00eat\u00e9 affectant les croisi\u00e8res<\/a><\/p>\n","protected":false},"excerpt":{"rendered":"Face aux d\u00e9cisions r\u00e9centes de plusieurs collectivit\u00e9s locales visant \u00e0 restreindre fortement l\u2019activit\u00e9 des croisi\u00e8res sur le littoral&hellip;\n","protected":false},"author":2,"featured_media":261683,"comment_status":"","ping_status":"","sticky":false,"template":"","format":"standard","meta":{"footnotes":""},"categories":[2819],"tags":[1111,11,2408,1777,674,1011,27,12,2401,882,25],"class_list":{"0":"post-261682","1":"post","2":"type-post","3":"status-publish","4":"format-standard","5":"has-post-thumbnail","7":"category-nice","8":"tag-actu","9":"tag-actualites","10":"tag-appels-d","11":"tag-eu","12":"tag-europe","13":"tag-fr","14":"tag-france","15":"tag-news","16":"tag-nice","17":"tag-provence-alpes-cote-dazur","18":"tag-republique-francaise"},"share_on_mastodon":{"url":"https:\/\/pubeurope.com\/@fr\/114887015991806398","error":""},"_links":{"self":[{"href":"https:\/\/www.europesays.com\/fr\/wp-json\/wp\/v2\/posts\/261682","targetHints":{"allow":["GET"]}}],"collection":[{"href":"https:\/\/www.europesays.com\/fr\/wp-json\/wp\/v2\/posts"}],"about":[{"href":"https:\/\/www.europesays.com\/fr\/wp-json\/wp\/v2\/types\/post"}],"author":[{"embeddable":true,"href":"https:\/\/www.europesays.com\/fr\/wp-json\/wp\/v2\/users\/2"}],"replies":[{"embeddable":true,"href":"https:\/\/www.europesays.com\/fr\/wp-json\/wp\/v2\/comments?post=261682"}],"version-history":[{"count":0,"href":"https:\/\/www.europesays.com\/fr\/wp-json\/wp\/v2\/posts\/261682\/revisions"}],"wp:featuredmedia":[{"embeddable":true,"href":"https:\/\/www.europesays.com\/fr\/wp-json\/wp\/v2\/media\/261683"}],"wp:attachment":[{"href":"https:\/\/www.europesays.com\/fr\/wp-json\/wp\/v2\/media?parent=261682"}],"wp:term":[{"taxonomy":"category","embeddable":true,"href":"https:\/\/www.europesays.com\/fr\/wp-json\/wp\/v2\/categories?post=261682"},{"taxonomy":"post_tag","embeddable":true,"href":"https:\/\/www.europesays.com\/fr\/wp-json\/wp\/v2\/tags?post=261682"}],"curies":[{"name":"wp","href":"https:\/\/api.w.org\/{rel}","templated":true}]}}