{"id":261686,"date":"2025-07-20T18:39:53","date_gmt":"2025-07-20T18:39:53","guid":{"rendered":"https:\/\/www.europesays.com\/fr\/261686\/"},"modified":"2025-07-20T18:39:53","modified_gmt":"2025-07-20T18:39:53","slug":"carte-quelles-seront-vos-conditions-de-circulation-ce-week-end-dans-la-region-de-nantes","status":"publish","type":"post","link":"https:\/\/www.europesays.com\/fr\/261686\/","title":{"rendered":"CARTE. Quelles seront vos conditions de circulation ce week-end dans la r\u00e9gion de Nantes ?"},"content":{"rendered":"<p>Un week-end de grand chass\u00e9-crois\u00e9 s\u2019annonce sur les routes, particuli\u00e8rement en Loire-Atlantique. Les journ\u00e9es de vendredi et samedi sont class\u00e9es ROUGE au niveau national. Voici, <a href=\"https:\/\/www.bison-fute.gouv.fr\/previsions,10741.html\" target=\"_blank\" rel=\"noopener\">selon Bison Fut\u00e9<\/a>, le d\u00e9tail des pr\u00e9visions de circulation pour anticiper vos d\u00e9parts et retours et \u00e9viter les principaux points de congestion.<\/p>\n<p>Notre carte en direct :<\/p>\n<\/p>\n<p>\u00a0<\/p>\n<p>Pr\u00e9visions pour les d\u00e9parts depuis la Loire-Atlantique<\/p>\n<p>Vendredi 18\u00a0juillet (Journ\u00e9e ROUGE)<\/p>\n<p>A11 (Nantes ? Angers)\u00a0: Trafic tr\u00e8s dense attendu entre 10\u00a0h et 18\u00a0h.<\/p>\n<p>RN165 (Nantes ? Vannes ? Quimper)\u00a0: Ralentissements pr\u00e9vus de 14\u00a0h \u00e0 20\u00a0h.<\/p>\n<p>Routes secondaires et littorales (D112)\u00a0: Fortement sollicit\u00e9es d\u00e8s le d\u00e9but de l\u2019apr\u00e8s-midi.<\/p>\n<p>Conseil\u00a0: Pour \u00e9viter les pics, il est recommand\u00e9 de partir avant 8\u00a0h ou apr\u00e8s 19\u00a0h.<\/p>\n<p>Samedi 19\u00a0juillet (Journ\u00e9e ROUGE)<\/p>\n<p>RN165 et A11\u00a0: Des bouchons se formeront d\u00e8s 7\u00a0h \u00e0 la sortie de Nantes.<\/p>\n<p>Pics de circulation\u00a0: Attendez-vous \u00e0 un trafic maximal entre 9\u00a0h et 13\u00a0h, puis de nouveau entre 16\u00a0h et 19\u00a0h sur tous les grands axes en direction de la c\u00f4te.<\/p>\n<p>Routes du littoral (D57, D723)\u00a0: Encombrements pr\u00e9vus d\u00e8s le lever du jour.<\/p>\n<p>Conseil\u00a0: Privil\u00e9giez un d\u00e9part avant 7\u00a0h ou attendez le milieu de l\u2019apr\u00e8s-midi (apr\u00e8s 15\u00a0h) pour un trajet plus fluide.<\/p>\n<p>Dimanche 20\u00a0juillet (Journ\u00e9e VERTE)<\/p>\n<p>Le trafic sera fluide dans le sens des d\u00e9parts.<\/p>\n<p>C\u2019est la journ\u00e9e id\u00e9ale pour prendre la route, notamment en fin de matin\u00e9e.<\/p>\n<p>Pr\u00e9visions pour les retours vers la Loire-Atlantique<\/p>\n<p>Vendredi 18\u00a0juillet (Journ\u00e9e VERTE)<\/p>\n<p>La circulation sera globalement fluide pour les retours vers Nantes.<\/p>\n<p>Pas de ralentissements significatifs pr\u00e9vus sur l\u2019A11 et la RN165.<\/p>\n<p>Samedi 19\u00a0juillet (Journ\u00e9e ROUGE)<\/p>\n<p>RN165 (Quimper ? Nantes)\u00a0: Forte densit\u00e9 de trafic entre 10\u00a0h et 14\u00a0h.<\/p>\n<p>A11 (Angers ? Nantes)\u00a0: Embouteillages importants pr\u00e9vus de 11\u00a0h \u00e0 16\u00a0h.<\/p>\n<p>Axes secondaires et littoraux\u00a0: seront tr\u00e8s fr\u00e9quent\u00e9s par les r\u00e9sidents retournant en Loire-Atlantique.<\/p>\n<p>Conseil\u00a0: Si vous rentrez de Bretagne, anticipez votre trajet en \u00e9vitant le cr\u00e9neau 11\u00a0h-14\u00a0h.<\/p>\n<p>Dimanche 20\u00a0juillet (Journ\u00e9e VERTE, ORANGE localement)<\/p>\n<p>Les retours seront plus calmes dans l\u2019ensemble.<\/p>\n<p>Attention\u00a0: Quelques ralentissements sont possibles sur les routes secondaires entre Pornic et Nantes entre 10\u00a0h et 12\u00a0h, en raison des retours massifs des zones c\u00f4ti\u00e8res.<\/p>\n<p> Infographie Trafic Trafic en Loire-Atlantique : 18-20 Juillet   ?? D\u00e9parts depuis la Loire-Atlantique  Vendredi 18 (Rouge) <\/p>\n<p>? \u00c9VITER : 10h-20h sur A11 et RN165.<\/p>\n<p>? CONSEIL : Partir avant 8h ou apr\u00e8s 19h.<\/p>\n<p>   Samedi 19 (Rouge) <\/p>\n<p>? \u00c9VITER : 9h-13h et 16h-19h sur tous les axes.<\/p>\n<p>? CONSEIL : Partir avant 7h ou apr\u00e8s 15h.<\/p>\n<p>   Dimanche 20 (Vert) <\/p>\n<p>? Trafic fluide, id\u00e9al pour partir.<\/p>\n<p>  ?? Retours vers la Loire-Atlantique  Vendredi 18 (Vert) <\/p>\n<p>? Circulation fluide attendue.<\/p>\n<p>   Samedi 19 (Rouge) <\/p>\n<p>? \u00c9VITER : 10h-16h sur A11 (Angers?Nantes) et RN165 (Quimper?Nantes).<\/p>\n<p>? CONSEIL : Rentrer avant 10h ou apr\u00e8s 16h.<\/p>\n<p>   Dimanche 20 (Vert\/Orange local) <\/p>\n<p>?? VIGILANCE : 10h-12h sur les routes c\u00f4ti\u00e8res (ex: Pornic?Nantes).<\/p>\n<p>    ?? Point Noir : P\u00e9riph\u00e9rique de Nantes <\/p>\n<p><strong>\u00c0 \u00e9viter imp\u00e9rativement sur ces cr\u00e9neaux :<\/strong><\/p>\n<ul class=\"conseils-liste\">\n<li><strong>Vendredi :<\/strong> de 10h00 \u00e0 18h00<\/li>\n<li><strong>Samedi :<\/strong> de 9h00 \u00e0 14h00 et de 16h00 \u00e0 19h00<\/li>\n<\/ul>\n<p>Conseils Pratiques <\/p>\n<ul class=\"conseils-liste\">\n<li class=\"info-temps-reel\">Consultez Bison Fut\u00e9 et \u00e9coutez la radio 107.7 FM.<\/li>\n<li class=\"securite\">Faites des pauses r\u00e9guli\u00e8res toutes les 2 heures.<\/li>\n<\/ul>\n<p>Cr\u00e9neaux horaires \u00e0 \u00e9viter pour les D\u00c9PARTS depuis la Loire-Atlantique<\/p>\n<p>Vendredi\u00a018\/07<\/p>\n<p>A11 (sortie de Nantes)\u00a0: entre 10\u00a0h et 18\u00a0h.<\/p>\n<p>RN165 (Nantes ? Vannes)\u00a0: entre 14\u00a0h et 20\u00a0h.<\/p>\n<p>Samedi\u00a019\/07<\/p>\n<p>A11 et RN165\u00a0: entre 9\u00a0h et 13\u00a0h, et de 16\u00a0h \u00e0 19\u00a0h.<\/p>\n<p>D112 et routes c\u00f4ti\u00e8res (Pornic, La Baule)\u00a0: le matin entre 7\u00a0h et 10\u00a0h.<\/p>\n<p>Cr\u00e9neaux horaires \u00e0 \u00e9viter pour les RETOURS vers la Loire-Atlantique<\/p>\n<p>Samedi\u00a019\/07<\/p>\n<p>RN165 (Quimper ? Nantes)\u00a0: entre 10\u00a0h et 14\u00a0h.<\/p>\n<p>A11 (Angers ? Nantes)\u00a0: entre 11\u00a0h et 16\u00a0h.<\/p>\n<p>Dimanche\u00a020\/07<\/p>\n<p>Routes secondaires (Pornic ? Nantes)\u00a0: entre 10\u00a0h et 12\u00a0h.<\/p>\n<p>A11 (Le Mans ? Nantes)\u00a0: entre 8\u00a0h et 10\u00a0h.<\/p>\n<p>Focus sur le p\u00e9riph\u00e9rique de Nantes<\/p>\n<p>Heures de pointe. Le boulevard p\u00e9riph\u00e9rique de Nantes sera un point noir majeur. Il est imp\u00e9ratif de l\u2019\u00e9viter durant les cr\u00e9neaux suivants\u00a0: vendredi 18\u00a0juillet, de 10\u00a0h \u00e0 18\u00a0h\u00a0; samedi 19\u00a0juillet\u00a0: de 9\u00a0h \u00e0 14\u00a0h et de 16\u00a0h \u00e0 19\u00a0h.\u00a0En dehors de ces plages horaires, la circulation y sera plus fluide.<\/p>\n<p>? LIRE AUSSI : <a href=\"https:\/\/nantes.maville.com\/actu\/actudet_-meteo.-des-orages-au-dessus-des-pays-de-la-loire-a-quoi-s-attendre-en-loire-atlantique-_8-6904905_actu.Htm\" target=\"_blank\" rel=\"noopener\">M\u00c9T\u00c9O. Des orages au-dessus des Pays de la Loire : \u00e0 quoi s\u2019attendre en Loire-Atlantique ?<\/a> <\/p>\n<p>Recommandations pratiques pour tous les trajets<\/p>\n<p>?? Info trafic en direct\u00a0: consultez r\u00e9guli\u00e8rement le site ou l\u2019application Bison Fut\u00e9 et \u00e9coutez la radio 107.7\u00a0FM\u00a0;<\/p>\n<p>?? Pauses r\u00e9guli\u00e8res\u00a0: Pr\u00e9voyez de vous arr\u00eater toutes les deux heures pour rester alerte\u00a0;<\/p>\n<p>?? Itin\u00e9raires bis\u00a0: En cas de blocage, suivez les itin\u00e9raires de d\u00e9lestage indiqu\u00e9s sur les panneaux ou par votre application GPS.<\/p>\n<p>\u00a0<\/p>\n","protected":false},"excerpt":{"rendered":"Un week-end de grand chass\u00e9-crois\u00e9 s\u2019annonce sur les routes, particuli\u00e8rement en Loire-Atlantique. Les journ\u00e9es de vendredi et samedi&hellip;\n","protected":false},"author":2,"featured_media":261687,"comment_status":"","ping_status":"","sticky":false,"template":"","format":"standard","meta":{"footnotes":""},"categories":[2818],"tags":[1111,11,11617,3542,17243,1777,674,1011,27,766,12,2636,16,25,6689,4064,9693],"class_list":{"0":"post-261686","1":"post","2":"type-post","3":"status-publish","4":"format-standard","5":"has-post-thumbnail","7":"category-nantes","8":"tag-actu","9":"tag-actualites","10":"tag-carte","11":"tag-circulation","12":"tag-conditions","13":"tag-eu","14":"tag-europe","15":"tag-fr","16":"tag-france","17":"tag-nantes","18":"tag-news","19":"tag-pays-de-la-loire","20":"tag-region","21":"tag-republique-francaise","22":"tag-roche","23":"tag-week-end","24":"tag-yon"},"share_on_mastodon":{"url":"https:\/\/pubeurope.com\/@fr\/114887027769679130","error":""},"_links":{"self":[{"href":"https:\/\/www.europesays.com\/fr\/wp-json\/wp\/v2\/posts\/261686","targetHints":{"allow":["GET"]}}],"collection":[{"href":"https:\/\/www.europesays.com\/fr\/wp-json\/wp\/v2\/posts"}],"about":[{"href":"https:\/\/www.europesays.com\/fr\/wp-json\/wp\/v2\/types\/post"}],"author":[{"embeddable":true,"href":"https:\/\/www.europesays.com\/fr\/wp-json\/wp\/v2\/users\/2"}],"replies":[{"embeddable":true,"href":"https:\/\/www.europesays.com\/fr\/wp-json\/wp\/v2\/comments?post=261686"}],"version-history":[{"count":0,"href":"https:\/\/www.europesays.com\/fr\/wp-json\/wp\/v2\/posts\/261686\/revisions"}],"wp:featuredmedia":[{"embeddable":true,"href":"https:\/\/www.europesays.com\/fr\/wp-json\/wp\/v2\/media\/261687"}],"wp:attachment":[{"href":"https:\/\/www.europesays.com\/fr\/wp-json\/wp\/v2\/media?parent=261686"}],"wp:term":[{"taxonomy":"category","embeddable":true,"href":"https:\/\/www.europesays.com\/fr\/wp-json\/wp\/v2\/categories?post=261686"},{"taxonomy":"post_tag","embeddable":true,"href":"https:\/\/www.europesays.com\/fr\/wp-json\/wp\/v2\/tags?post=261686"}],"curies":[{"name":"wp","href":"https:\/\/api.w.org\/{rel}","templated":true}]}}