{"id":261697,"date":"2025-07-20T18:48:20","date_gmt":"2025-07-20T18:48:20","guid":{"rendered":"https:\/\/www.europesays.com\/fr\/261697\/"},"modified":"2025-07-20T18:48:20","modified_gmt":"2025-07-20T18:48:20","slug":"elena-ladolescente-de-15-ans-disparue-le-11-juillet-a-luynes-a-ete-retrouvee","status":"publish","type":"post","link":"https:\/\/www.europesays.com\/fr\/261697\/","title":{"rendered":"Elena, l\u2019adolescente de 15\u00a0ans disparue le 11\u00a0juillet \u00e0 Luynes, a \u00e9t\u00e9 retrouv\u00e9e"},"content":{"rendered":"<p>L\u2019adolescente de 15\u00a0ans qui avait disparu le 11\u00a0juillet \u00e0 Luynes a \u00e9t\u00e9 retrouv\u00e9e dans la nuit du mercredi\u00a017 au jeudi 18\u00a0juillet \u00e0 Marseille. <strong>\u00ab\u00a0Tr\u00e8s fatigu\u00e9e\u00a0\u00bb et \u00ab\u00a0l\u2019air shoot\u00e9\u00a0\u00bb, selon son p\u00e8re, Elena a \u00e9t\u00e9 hospitalis\u00e9e<\/strong>. Des examens doivent \u00eatre r\u00e9alis\u00e9s pour d\u00e9terminer si la mineure a \u00e9t\u00e9 drogu\u00e9e et agress\u00e9e sexuellement. Une enqu\u00eate judiciaire est en cours.<\/p>\n<p>Le p\u00e8re de l\u2019adolescente, qui n\u2019a pas encore pu la voir, mais a \u00e9chang\u00e9 avec elle par t\u00e9l\u00e9phone, se dit grandement soulag\u00e9. Il raconte <a href=\"https:\/\/www.laprovence.com\/article\/faits-divers-justice\/14793025606518\/une-adolescente-de-15-ans-disparait-a-luynes-la-famille-lance-un-appel-a-temoins\" target=\"_blank\" rel=\"noopener\">les six jours d\u2019errance de sa fille<\/a>, selon les premiers dires de l\u2019adolescente.<\/p>\n<p><img alt=\"L\u2019adolescente disparue a \u00e9t\u00e9 retrouv\u00e9e.\" loading=\"lazy\" decoding=\"async\" data-nimg=\"fill\" class=\" TwicCore_img__i9TC1 undefined  undefined\" style=\"position:absolute;height:100%;width:100%;left:0;top:0;right:0;bottom:0;color:transparent;background-size:cover;background-position:50% 50%;background-repeat:no-repeat;background-image:url(&quot;data:image\/svg+xml;charset=utf-8,%3Csvg xmlns='http:\/\/www.w3.org\/2000\/svg' %3E%3Cfilter id='b' color-interpolation-filters='sRGB'%3E%3CfeGaussianBlur stdDeviation='20'\/%3E%3CfeColorMatrix values='1 0 0 0 0 0 1 0 0 0 0 0 1 0 0 0 0 0 100 -1' result='s'\/%3E%3CfeFlood x='0' y='0' width='100%25' height='100%25'\/%3E%3CfeComposite operator='out' in='s'\/%3E%3CfeComposite in2='SourceGraphic'\/%3E%3CfeGaussianBlur stdDeviation='20'\/%3E%3C\/filter%3E%3Cimage width='100%25' height='100%25' x='0' y='0' preserveAspectRatio='none' style='filter: url(%23b);' href='https:\/\/pictures.laprovence.com\/cdn-cgi\/image\/blur=250\/media\/melody\/2025\/07\/17\/l-adolescente-disparue-a-ete-retrouvee-1752757633_bde3d4fad878691f3d4fad87855f3dv_.jpg'\/%3E%3C\/svg%3E&quot;)\"   src=\"https:\/\/www.europesays.com\/fr\/wp-content\/uploads\/2025\/07\/l-adolescente-disparue-a-ete-retrouvee-1752757633_bde3d4fad878691f3d4fad87855f3dv_.jpg\"\/>L\u2019adolescente disparue a \u00e9t\u00e9 retrouv\u00e9e. RS<\/p>\n<p>Partie en avance de son stage le vendredi 11\u00a0juillet, Elena a emprunt\u00e9 deux euros \u00e0 des passants pour pouvoir prendre le bus jusqu\u2019\u00e0 Aix-en-Provence. Elle y fait la rencontre de deux jeunes filles qui l\u2019ont conduite \u00e0 Marseille en voiture.<\/p>\n<p>Arriv\u00e9es \u00e0 Marseille, les deux jeunes femmes lui faussent compagnie. <strong>Elena se retrouve seule dans la ville, o\u00f9 une famille accepte de l\u2019h\u00e9berger une nuit<\/strong>. Les 12 et 13\u00a0juillet, Elena dort \u00e0 la rue. Le 14, elle assiste au feu d\u2019artifice. L\u2019adolescente ne se souvient pas de grand-chose de cette nuit-l\u00e0 ni du jour suivant. Elle aurait \u00e9t\u00e9 piqu\u00e9e, explique son p\u00e8re.<\/p>\n<p>Le 16\u00a0juillet, Elena se rend dans un magasin o\u00f9 elle demande \u00e0 t\u00e9l\u00e9phoner \u00e0 \u00ab\u00a0son copain\u00a0\u00bb pour lui demander de venir la r\u00e9cup\u00e9rer.\u00a0La commer\u00e7ante la reconna\u00eet trop tard, Elena est d\u00e9j\u00e0 partie. Mais elle t\u00e9l\u00e9phone \u00e0 la m\u00e8re de l\u2019adolescente pour l\u2019alerter.<\/p>\n<p>Elena est retrouv\u00e9e autour de 2\u00a0heures du matin gr\u00e2ce \u00e0 des passants qui l\u2019ont reconnue. Elle est transf\u00e9r\u00e9e au commissariat de Noailles. Hospitalis\u00e9e, Elena doit maintenant r\u00e9aliser des examens pour <strong>\u00e9tablir si elle a \u00e9t\u00e9 drogu\u00e9e et victime de violences sexuelles<\/strong>.<\/p>\n<p>Selon le p\u00e8re de l\u2019adolescente, c\u2019est son \u00ab\u00a0copain\u00a0\u00bb, vraisemblablement majeur et rencontr\u00e9 pendant sa fugue, qui aurait drogu\u00e9 Elena. Son num\u00e9ro de t\u00e9l\u00e9phone a \u00e9t\u00e9 transmis \u00e0 la police. Une enqu\u00eate judiciaire est en cours pour d\u00e9terminer sa responsabilit\u00e9.<\/p>\n<p><img alt=\"\" loading=\"lazy\" width=\"18\" height=\"18\" decoding=\"async\" data-nimg=\"1\" class=\"mx-[8px]\" style=\"color:transparent\" src=\"https:\/\/www.laprovence.com\/_next\/static\/media\/comment.b95dda91.svg\"\/>D\u00e9marrez la conversation<\/p>\n<p class=\"text-[1.8rem] mt-[32px]\">Votre opinion compte pour nous. Rejoignez la communaut\u00e9 laprovence.com en r\u00e9agissant sur l&rsquo;article Elena, l\u2019adolescente de 15\u00a0ans disparue le 11\u00a0juillet \u00e0 Luynes, a \u00e9t\u00e9 retrouv\u00e9e.<\/p>\n","protected":false},"excerpt":{"rendered":"L\u2019adolescente de 15\u00a0ans qui avait disparu le 11\u00a0juillet \u00e0 Luynes a \u00e9t\u00e9 retrouv\u00e9e dans la nuit du mercredi\u00a017&hellip;\n","protected":false},"author":2,"featured_media":261698,"comment_status":"","ping_status":"","sticky":false,"template":"","format":"standard","meta":{"footnotes":""},"categories":[2814],"tags":[40138,40137,17,1111,11,1102,6044,40135,2883,1777,674,274,1011,27,40136,40139,884,12,882,25],"class_list":{"0":"post-261697","1":"post","2":"type-post","3":"status-publish","4":"format-standard","5":"has-post-thumbnail","7":"category-marseille","8":"tag-11-juillet","9":"tag-15-ans","10":"tag-17","11":"tag-actu","12":"tag-actualites","13":"tag-breakingnews","14":"tag-disparue","15":"tag-elena","16":"tag-ete","17":"tag-eu","18":"tag-europe","19":"tag-faits-divers-justice","20":"tag-fr","21":"tag-france","22":"tag-ladolescente","23":"tag-luynes","24":"tag-marseille","25":"tag-news","26":"tag-provence-alpes-cote-dazur","27":"tag-republique-francaise"},"share_on_mastodon":{"url":"https:\/\/pubeurope.com\/@fr\/114887059466952341","error":""},"_links":{"self":[{"href":"https:\/\/www.europesays.com\/fr\/wp-json\/wp\/v2\/posts\/261697","targetHints":{"allow":["GET"]}}],"collection":[{"href":"https:\/\/www.europesays.com\/fr\/wp-json\/wp\/v2\/posts"}],"about":[{"href":"https:\/\/www.europesays.com\/fr\/wp-json\/wp\/v2\/types\/post"}],"author":[{"embeddable":true,"href":"https:\/\/www.europesays.com\/fr\/wp-json\/wp\/v2\/users\/2"}],"replies":[{"embeddable":true,"href":"https:\/\/www.europesays.com\/fr\/wp-json\/wp\/v2\/comments?post=261697"}],"version-history":[{"count":0,"href":"https:\/\/www.europesays.com\/fr\/wp-json\/wp\/v2\/posts\/261697\/revisions"}],"wp:featuredmedia":[{"embeddable":true,"href":"https:\/\/www.europesays.com\/fr\/wp-json\/wp\/v2\/media\/261698"}],"wp:attachment":[{"href":"https:\/\/www.europesays.com\/fr\/wp-json\/wp\/v2\/media?parent=261697"}],"wp:term":[{"taxonomy":"category","embeddable":true,"href":"https:\/\/www.europesays.com\/fr\/wp-json\/wp\/v2\/categories?post=261697"},{"taxonomy":"post_tag","embeddable":true,"href":"https:\/\/www.europesays.com\/fr\/wp-json\/wp\/v2\/tags?post=261697"}],"curies":[{"name":"wp","href":"https:\/\/api.w.org\/{rel}","templated":true}]}}