{"id":261699,"date":"2025-07-20T18:49:10","date_gmt":"2025-07-20T18:49:10","guid":{"rendered":"https:\/\/www.europesays.com\/fr\/261699\/"},"modified":"2025-07-20T18:49:10","modified_gmt":"2025-07-20T18:49:10","slug":"lolympique-de-marseille-en-plante-cinq-en-amical-pour-lancer-sa-preparation-amical-excelsior-maassluis-marseille-0-5","status":"publish","type":"post","link":"https:\/\/www.europesays.com\/fr\/261699\/","title":{"rendered":"L\u2019Olympique de Marseille en plante cinq en amical pour lancer sa pr\u00e9paration &#8211; Amical &#8211; Excelsior Maassluis-Marseille (0-5)"},"content":{"rendered":"<p data-start=\"96\" data-end=\"438\">Attention ! Le PSG est pr\u00e9venu\u2026<\/p>\n<p data-start=\"96\" data-end=\"438\"><strong>L\u2019Olympique de Marseille a parfaitement entam\u00e9 sa pr\u00e9paration estivale ce dimanche<\/strong>. Les Phoc\u00e9ens se sont facilement impos\u00e9s face \u00e0 l\u2019Excelsior Maassluis (5-0), modeste formation de troisi\u00e8me division n\u00e9erlandaise, au KVNB Campus, le Clairefontaine du pays des tulipes.<\/p>\n<p data-start=\"96\" data-end=\"438\">Les hommes de Roberto De Zerbi se sont facilit\u00e9s les choses en plantant leurs cinq buts en premi\u00e8re p\u00e9riode. Pour son premier match sous ses nouvelles couleurs, Facundo Medina a ouvert le score d\u2019un coup de casque (<strong>0-1, 12e<\/strong>). Mason Greenwood s\u2019est ensuite illustr\u00e9 en inscrivant un tripl\u00e9 express (<strong>29e, 35e, 39e)<\/strong>, tandis que Jonathan Rowe, \u00e9galement recrut\u00e9 cet \u00e9t\u00e9, a entre-temps inscrit le quatri\u00e8me but (<strong>0-4, 38e)<\/strong>. L\u2019enti\u00e8ret\u00e9 du onze marseillais a \u00e9t\u00e9 remplac\u00e9 en seconde p\u00e9riode, sans cette fois parvenir \u00e0 faire trembler les filets.<\/p>\n<p data-start=\"96\" data-end=\"438\">Ce lundi, Marseille affrontera l\u2019Olympic Charleroi (D2 belge), toujours en amical.<\/p>\n<p>\t\t\t\t\t\t\t\t\t\t<a class=\"lien-connexe\" href=\"https:\/\/www.sofoot.com\/breves\/ligue-1-la-programmation-des-deux-premieres-journees-devoilees-rennes-om-en-ouverture-du-championnat\" rel=\"nofollow noopener\" target=\"_blank\">L\u2019OM aura l\u2019honneur d\u2019ouvrir le championnat<\/a>\t\t\t\t\t<\/p>\n","protected":false},"excerpt":{"rendered":"Attention ! Le PSG est pr\u00e9venu\u2026 L\u2019Olympique de Marseille a parfaitement entam\u00e9 sa pr\u00e9paration estivale ce dimanche. Les&hellip;\n","protected":false},"author":2,"featured_media":261700,"comment_status":"","ping_status":"","sticky":false,"template":"","format":"standard","meta":{"footnotes":""},"categories":[2814],"tags":[1111,47,11,61,69,65,64,1777,674,63,1011,27,68,66,884,12,62,70,882,25,67],"class_list":{"0":"post-261699","1":"post","2":"type-post","3":"status-publish","4":"format-standard","5":"has-post-thumbnail","7":"category-marseille","8":"tag-actu","9":"tag-actualite","10":"tag-actualites","11":"tag-actus-football","12":"tag-bundesliga","13":"tag-championnats-europeens","14":"tag-equipe-de-france","15":"tag-eu","16":"tag-europe","17":"tag-football","18":"tag-fr","19":"tag-france","20":"tag-ligua","21":"tag-ligue-1","22":"tag-marseille","23":"tag-news","24":"tag-news-foot","25":"tag-premier-league","26":"tag-provence-alpes-cote-dazur","27":"tag-republique-francaise","28":"tag-serie-a"},"share_on_mastodon":{"url":"https:\/\/pubeurope.com\/@fr\/114887063209242595","error":""},"_links":{"self":[{"href":"https:\/\/www.europesays.com\/fr\/wp-json\/wp\/v2\/posts\/261699","targetHints":{"allow":["GET"]}}],"collection":[{"href":"https:\/\/www.europesays.com\/fr\/wp-json\/wp\/v2\/posts"}],"about":[{"href":"https:\/\/www.europesays.com\/fr\/wp-json\/wp\/v2\/types\/post"}],"author":[{"embeddable":true,"href":"https:\/\/www.europesays.com\/fr\/wp-json\/wp\/v2\/users\/2"}],"replies":[{"embeddable":true,"href":"https:\/\/www.europesays.com\/fr\/wp-json\/wp\/v2\/comments?post=261699"}],"version-history":[{"count":0,"href":"https:\/\/www.europesays.com\/fr\/wp-json\/wp\/v2\/posts\/261699\/revisions"}],"wp:featuredmedia":[{"embeddable":true,"href":"https:\/\/www.europesays.com\/fr\/wp-json\/wp\/v2\/media\/261700"}],"wp:attachment":[{"href":"https:\/\/www.europesays.com\/fr\/wp-json\/wp\/v2\/media?parent=261699"}],"wp:term":[{"taxonomy":"category","embeddable":true,"href":"https:\/\/www.europesays.com\/fr\/wp-json\/wp\/v2\/categories?post=261699"},{"taxonomy":"post_tag","embeddable":true,"href":"https:\/\/www.europesays.com\/fr\/wp-json\/wp\/v2\/tags?post=261699"}],"curies":[{"name":"wp","href":"https:\/\/api.w.org\/{rel}","templated":true}]}}