{"id":261703,"date":"2025-07-20T18:51:12","date_gmt":"2025-07-20T18:51:12","guid":{"rendered":"https:\/\/www.europesays.com\/fr\/261703\/"},"modified":"2025-07-20T18:51:12","modified_gmt":"2025-07-20T18:51:12","slug":"un-suspect-a-ete-interpelle","status":"publish","type":"post","link":"https:\/\/www.europesays.com\/fr\/261703\/","title":{"rendered":"un suspect a \u00e9t\u00e9 interpell\u00e9"},"content":{"rendered":"<p>L\u2019\u00e9tat de sant\u00e9 du jeune couple, victime d\u2019une attaque au couteau, samedi apr\u00e8s-midi, dans son immeuble, \u00e0 Saint-Fons, est rassurant. La jeune femme de 21 ans, bless\u00e9e \u00e0 la main, et le jeune homme de 22 ans, touch\u00e9 au moins au niveau du dos, se sont vus d\u00e9livrer quelques jours d\u2019incapacit\u00e9 totale de travail.<\/p>\n<p>  Il avait fui les lieux<\/p>\n<p>Le mis en cause, semble-t-il l\u2019ex-conjoint de la jeune femme, a \u00e9t\u00e9 interpell\u00e9 et plac\u00e9 en garde \u00e0 vue au cours du week-end, a appris Le Progr\u00e8s. Il \u00e9tait parvenu \u00e0 fuir les lieux, apr\u00e8s <a href=\"https:\/\/www.leprogres.fr\/faits-divers-justice\/2025\/07\/19\/deux-blesses-dans-une-attaque-au-couteau-la-piste-d-un-differend-sentimental\" target=\"_blank\" rel=\"noopener\">son passage \u00e0 l\u2019acte<\/a> , vers 16 heures, samedi, dans le secteur des 4-Chemins, pr\u00e8s du croisement entre la rue Carnot et l\u2019avenue Jean-Jaur\u00e8s. L\u2019\u00e9v\u00e9nement avait mobilis\u00e9 d\u2019importants moyens de secours et de police dans le quartier.<\/p>\n","protected":false},"excerpt":{"rendered":"L\u2019\u00e9tat de sant\u00e9 du jeune couple, victime d\u2019une attaque au couteau, samedi apr\u00e8s-midi, dans son immeuble, \u00e0 Saint-Fons,&hellip;\n","protected":false},"author":2,"featured_media":261704,"comment_status":"","ping_status":"","sticky":false,"template":"","format":"standard","meta":{"footnotes":""},"categories":[1889],"tags":[1111,11,2430,271,272,3152,1777,674,274,107,1011,27,2428,12,25,2429,12592,4407],"class_list":{"0":"post-261703","1":"post","2":"type-post","3":"status-publish","4":"format-standard","5":"has-post-thumbnail","7":"category-lyon","8":"tag-actu","9":"tag-actualites","10":"tag-auvergne-rhone-alpes","11":"tag-crime","12":"tag-delit-et-contravention","13":"tag-edition-est-lyonnais","14":"tag-eu","15":"tag-europe","16":"tag-faits-divers-justice","17":"tag-fil-info","18":"tag-fr","19":"tag-france","20":"tag-lyon","21":"tag-news","22":"tag-republique-francaise","23":"tag-rhone","24":"tag-saint-fons","25":"tag-venissieux-bassin"},"share_on_mastodon":{"url":"https:\/\/pubeurope.com\/@fr\/114887070985380080","error":""},"_links":{"self":[{"href":"https:\/\/www.europesays.com\/fr\/wp-json\/wp\/v2\/posts\/261703","targetHints":{"allow":["GET"]}}],"collection":[{"href":"https:\/\/www.europesays.com\/fr\/wp-json\/wp\/v2\/posts"}],"about":[{"href":"https:\/\/www.europesays.com\/fr\/wp-json\/wp\/v2\/types\/post"}],"author":[{"embeddable":true,"href":"https:\/\/www.europesays.com\/fr\/wp-json\/wp\/v2\/users\/2"}],"replies":[{"embeddable":true,"href":"https:\/\/www.europesays.com\/fr\/wp-json\/wp\/v2\/comments?post=261703"}],"version-history":[{"count":0,"href":"https:\/\/www.europesays.com\/fr\/wp-json\/wp\/v2\/posts\/261703\/revisions"}],"wp:featuredmedia":[{"embeddable":true,"href":"https:\/\/www.europesays.com\/fr\/wp-json\/wp\/v2\/media\/261704"}],"wp:attachment":[{"href":"https:\/\/www.europesays.com\/fr\/wp-json\/wp\/v2\/media?parent=261703"}],"wp:term":[{"taxonomy":"category","embeddable":true,"href":"https:\/\/www.europesays.com\/fr\/wp-json\/wp\/v2\/categories?post=261703"},{"taxonomy":"post_tag","embeddable":true,"href":"https:\/\/www.europesays.com\/fr\/wp-json\/wp\/v2\/tags?post=261703"}],"curies":[{"name":"wp","href":"https:\/\/api.w.org\/{rel}","templated":true}]}}