{"id":26171,"date":"2025-04-15T08:20:26","date_gmt":"2025-04-15T08:20:26","guid":{"rendered":"https:\/\/www.europesays.com\/fr\/26171\/"},"modified":"2025-04-15T08:20:26","modified_gmt":"2025-04-15T08:20:26","slug":"asm-om-monaco-met-marseille-ko-telefoot","status":"publish","type":"post","link":"https:\/\/www.europesays.com\/fr\/26171\/","title":{"rendered":"ASM-OM, Monaco met Marseille KO &#8211; T\u00e9l\u00e9foot"},"content":{"rendered":"<p id=\"descriptionPanel\" aria-labelledby=\"descriptionArrow\" aria-expanded=\"false\" class=\"mr-2 line-clamp-2 pr-2.5 text-secondary overflow-visible\">\u00c0 cinq journ\u00e9es de la fin du championnat, l&rsquo;OM confirme sa m\u00e9forme actuelle et ses probl\u00e8mes d\u00e9fensifs en s&rsquo;inclinant 3-0 face \u00e0 Monaco. De son c\u00f4t\u00e9, Monaco continue de briller \u00e0 domicile et se rapproche de la deuxi\u00e8me place du classement. D\u00e9couvrez dans la vid\u00e9o les temps forts du match, les buts ainsi que les r\u00e9actions des joueurs et des entra\u00eeneurs.<br \/>En savoir plus sur <a class=\"text-white hover:text-blue-500\" href=\"https:\/\/www.tf1.fr\/dossier\/gregoire-margotton\" rel=\"nofollow noopener\" target=\"_blank\">Gr\u00e9goire Margotton<\/a><\/p>\n<p><a class=\"shrink-0\" href=\"https:\/\/www.tf1.fr\/tf1\/telefoot\" rel=\"nofollow noopener\" target=\"_blank\"><img decoding=\"async\" src=\"https:\/\/www.europesays.com\/fr\/wp-content\/uploads\/2025\/04\/program-card-portrait-1-telefoot-2024_v2-fcf8a6-1a6eba-0@1x.jpg\" width=\"138\" height=\"184\" alt=\"T\u00e9l\u00e9foot\" loading=\"eager\" fetchpriority=\"auto\" class=\"aspect-[3\/4] h-24 w-auto rounded-3px\"\/><\/a><\/p>\n","protected":false},"excerpt":{"rendered":"\u00c0 cinq journ\u00e9es de la fin du championnat, l&rsquo;OM confirme sa m\u00e9forme actuelle et ses probl\u00e8mes d\u00e9fensifs en&hellip;\n","protected":false},"author":2,"featured_media":26172,"comment_status":"","ping_status":"","sticky":false,"template":"","format":"standard","meta":{"footnotes":""},"categories":[2814],"tags":[1111,11,1777,674,3483,9316,1011,27,884,12,882,25,9320,9318,9317,9321,9319],"class_list":{"0":"post-26171","1":"post","2":"type-post","3":"status-publish","4":"format-standard","5":"has-post-thumbnail","7":"category-marseille","8":"tag-actu","9":"tag-actualites","10":"tag-eu","11":"tag-europe","12":"tag-extrait","13":"tag-extrait-telefoot","14":"tag-fr","15":"tag-france","16":"tag-marseille","17":"tag-news","18":"tag-provence-alpes-cote-dazur","19":"tag-republique-francaise","20":"tag-streaming-telefoot","21":"tag-telefoot","22":"tag-telefoot-extrait","23":"tag-video-en-streaming-telefoot","24":"tag-video-telefoot"},"share_on_mastodon":{"url":"https:\/\/pubeurope.com\/@fr\/114341008069271550","error":""},"_links":{"self":[{"href":"https:\/\/www.europesays.com\/fr\/wp-json\/wp\/v2\/posts\/26171","targetHints":{"allow":["GET"]}}],"collection":[{"href":"https:\/\/www.europesays.com\/fr\/wp-json\/wp\/v2\/posts"}],"about":[{"href":"https:\/\/www.europesays.com\/fr\/wp-json\/wp\/v2\/types\/post"}],"author":[{"embeddable":true,"href":"https:\/\/www.europesays.com\/fr\/wp-json\/wp\/v2\/users\/2"}],"replies":[{"embeddable":true,"href":"https:\/\/www.europesays.com\/fr\/wp-json\/wp\/v2\/comments?post=26171"}],"version-history":[{"count":0,"href":"https:\/\/www.europesays.com\/fr\/wp-json\/wp\/v2\/posts\/26171\/revisions"}],"wp:featuredmedia":[{"embeddable":true,"href":"https:\/\/www.europesays.com\/fr\/wp-json\/wp\/v2\/media\/26172"}],"wp:attachment":[{"href":"https:\/\/www.europesays.com\/fr\/wp-json\/wp\/v2\/media?parent=26171"}],"wp:term":[{"taxonomy":"category","embeddable":true,"href":"https:\/\/www.europesays.com\/fr\/wp-json\/wp\/v2\/categories?post=26171"},{"taxonomy":"post_tag","embeddable":true,"href":"https:\/\/www.europesays.com\/fr\/wp-json\/wp\/v2\/tags?post=26171"}],"curies":[{"name":"wp","href":"https:\/\/api.w.org\/{rel}","templated":true}]}}