{"id":261713,"date":"2025-07-20T18:59:12","date_gmt":"2025-07-20T18:59:12","guid":{"rendered":"https:\/\/www.europesays.com\/fr\/261713\/"},"modified":"2025-07-20T18:59:12","modified_gmt":"2025-07-20T18:59:12","slug":"vladimir-poutine-a-recu-le-conseiller-de-khamenei","status":"publish","type":"post","link":"https:\/\/www.europesays.com\/fr\/261713\/","title":{"rendered":"Vladimir Poutine a re\u00e7u le conseiller de Khamenei"},"content":{"rendered":"<p>Ali Larijani, un proche du guide supr\u00eame iranien, \u00aba transmis des \u00e9valuations de la situation qui s\u2019aggrave au Moyen-Orient et autour du programme nucl\u00e9aire iranien,\u00bb a d\u00e9clar\u00e9 le porte-parole du Kremlin.<\/p>\n<p class=\"fig-paragraph\">Le pr\u00e9sident russe Vladimir Poutine a re\u00e7u au Kremlin Ali Larijani, proche conseiller du guide supr\u00eame iranien Ali Khamenei, pour \u00e9voquer le<a href=\"http:\/\/www.lefigaro.fr\/flash-actu\/nucleaire-l-iran-rejette-toute-negociation-si-washington-insiste-sur-l-abandon-de-l-enrichissement-20250714\" target=\"_blank\" data-fig-type=\"NewsFlash\" rel=\"noopener\" data-gtm-custom-categorie=\"navigation\" data-gtm-custom-action=\"crossclick\" data-gtm-custom-label=\"Contextuel\" data-gtm-event=\"customEventSPE\" data-fig-domain=\"LEFIGARO\">\u00a0dossier nucl\u00e9aire<\/a>, a d\u00e9clar\u00e9 son porte-parole dimanche.<\/p>\n<p class=\"fig-paragraph\">Ali Larijani \u00aba transmis des \u00e9valuations de la situation qui s&rsquo;aggrave au Moyen-Orient et autour du programme nucl\u00e9aire iranien\u00bb, a d\u00e9clar\u00e9 le porte-parole du Kremlin Dmitri Peskov.<\/p>\n<p>                                    <a class=\"fig-a11y-skip a11y-hidden\" href=\"#fig-a11y-skip-main-inarticle\"><br \/>\n        Passer la publicit\u00e9<br \/>\n    <\/a><\/p>\n<p class=\"fig-paragraph\">Vladimir Poutine a exprim\u00e9 les \u00abpositions bien connues de la Russie sur la mani\u00e8re de stabiliser la situation dans la r\u00e9gion et sur le r\u00e8glement politique du programme nucl\u00e9aire iranien\u00bb, a-t-il ajout\u00e9.<\/p>\n<p>Discussions avec trois pays europ\u00e9ens<\/p>\n<p class=\"fig-paragraph\">Cette rencontre intervient au moment o\u00f9 une source diplomatique allemande a d\u00e9clar\u00e9 \u00e0 l\u2019AFP dimanche que la Grande-Bretagne, la France et l\u2019Allemagne pr\u00e9voyaient de tenir de nouvelles discussions avec T\u00e9h\u00e9ran sur son programme nucl\u00e9aire dans les prochains jours.<\/p>\n<p class=\"fig-paragraph\">Selon l\u2019agence de presse iranienne Tasnim, T\u00e9h\u00e9ran a accept\u00e9 de tenir des discussions avec les trois pays europ\u00e9ens, citant une source anonyme. Des consultations sont en cours concernant la date et le lieu des pourparlers, selon Tasnim.<\/p>\n<p class=\"fig-paragraph\">La semaine derni\u00e8re, la Russie avait fustig\u00e9 un article du m\u00e9dia am\u00e9ricain Axios, citant trois sources anonymes proches du dossier, selon lequel Poutine aurait \u00abencourag\u00e9\u00bb l\u2019Iran \u00e0 accepter un accord avec les \u00c9tats-Unis qui emp\u00eacherait T\u00e9h\u00e9ran d\u2019enrichir de l\u2019uranium.<\/p>\n<p class=\"fig-paragraph\">T\u00e9h\u00e9ran est soup\u00e7onn\u00e9 par les pays occidentaux et par Isra\u00ebl de vouloir se doter de la bombe atomique, ce qu\u2019il d\u00e9ment en soulignant son droit \u00e0 poursuivre un programme nucl\u00e9aire \u00e0 des fins civiles.<\/p>\n","protected":false},"excerpt":{"rendered":"Ali Larijani, un proche du guide supr\u00eame iranien, \u00aba transmis des \u00e9valuations de la situation qui s\u2019aggrave au&hellip;\n","protected":false},"author":2,"featured_media":261714,"comment_status":"","ping_status":"","sticky":false,"template":"","format":"standard","meta":{"footnotes":""},"categories":[1591],"tags":[11,22405,1887,12,1885,1886,132,135],"class_list":{"0":"post-261713","1":"post","2":"type-post","3":"status-publish","4":"format-standard","5":"has-post-thumbnail","7":"category-russie","8":"tag-actualites","9":"tag-ali-khamenei","10":"tag-federation-de-russie","11":"tag-news","12":"tag-russia","13":"tag-russian-federation","14":"tag-russie","15":"tag-vladimir-poutine"},"share_on_mastodon":{"url":"https:\/\/pubeurope.com\/@fr\/114887102462031022","error":""},"_links":{"self":[{"href":"https:\/\/www.europesays.com\/fr\/wp-json\/wp\/v2\/posts\/261713","targetHints":{"allow":["GET"]}}],"collection":[{"href":"https:\/\/www.europesays.com\/fr\/wp-json\/wp\/v2\/posts"}],"about":[{"href":"https:\/\/www.europesays.com\/fr\/wp-json\/wp\/v2\/types\/post"}],"author":[{"embeddable":true,"href":"https:\/\/www.europesays.com\/fr\/wp-json\/wp\/v2\/users\/2"}],"replies":[{"embeddable":true,"href":"https:\/\/www.europesays.com\/fr\/wp-json\/wp\/v2\/comments?post=261713"}],"version-history":[{"count":0,"href":"https:\/\/www.europesays.com\/fr\/wp-json\/wp\/v2\/posts\/261713\/revisions"}],"wp:featuredmedia":[{"embeddable":true,"href":"https:\/\/www.europesays.com\/fr\/wp-json\/wp\/v2\/media\/261714"}],"wp:attachment":[{"href":"https:\/\/www.europesays.com\/fr\/wp-json\/wp\/v2\/media?parent=261713"}],"wp:term":[{"taxonomy":"category","embeddable":true,"href":"https:\/\/www.europesays.com\/fr\/wp-json\/wp\/v2\/categories?post=261713"},{"taxonomy":"post_tag","embeddable":true,"href":"https:\/\/www.europesays.com\/fr\/wp-json\/wp\/v2\/tags?post=261713"}],"curies":[{"name":"wp","href":"https:\/\/api.w.org\/{rel}","templated":true}]}}