{"id":261721,"date":"2025-07-20T19:03:15","date_gmt":"2025-07-20T19:03:15","guid":{"rendered":"https:\/\/www.europesays.com\/fr\/261721\/"},"modified":"2025-07-20T19:03:15","modified_gmt":"2025-07-20T19:03:15","slug":"face-a-lallemagne-les-bleues-ont-failli-offensivement-lequipe","status":"publish","type":"post","link":"https:\/\/www.europesays.com\/fr\/261721\/","title":{"rendered":"Face \u00e0 l&#039;Allemagne, les Bleues ont failli offensivement &#8211; L&#039;\u00c9quipe"},"content":{"rendered":"<ol>\n<li><a href=\"https:\/\/news.google.com\/rss\/articles\/CBMipAFBVV95cUxOMndsODA2VUZ4MnBfZU5aODFBRkZDVXQ2V2s0M2I3VmFOWkQ5dlNreVJKRDRnTlUxc0pDTGlmUzRWZUxFc1h0LUdPOGZpOExFT21BOTFiVVIxSWRDWUgzSWdkaDF5ZVJFQ0drYWNrNEFsSEx1bW5SYm9vM2V3RmlReDdCV24wRTJDNk5mTk1ZbnZJejNGZTI5YW1RTC12b19kWmg3Ug?oc=5\" target=\"_blank\" rel=\"nofollow noopener\">Face \u00e0 l&rsquo;Allemagne, les Bleues ont failli offensivement<\/a>&nbsp;&nbsp;L&rsquo;\u00c9quipe<\/li>\n<li><a href=\"https:\/\/news.google.com\/rss\/articles\/CBMi7AFBVV95cUxNU05JaDhMQ1JpU1RHNkVrLVZ6VVlka0R2bW1ncjZpaEhZbXQ5RVRnSXNuV1l0cVE3bEJldDllNENrMFlIU1JYcGg0Szc2YVRmVS1IV010bThmcS1uR3dJY2FtMzhHUFdLQ2U0OWJhN2NHWTNLWXJGWXdKcE9zQjJ2dmotQl9JNTkyX0d2REpZOTJKZXpkR3VNV2RVOWtsWWVncXVQdzk2MFlTSVBlVGxVa1RBQ3NOVE0ta2d5czE3NU5OMG0yWDN2UTVaTGVEY0pHM3dHeTlaMmZKRTlid014b29LWXhlS2RfOTNLQw?oc=5\" target=\"_blank\" rel=\"nofollow noopener\">Jean-Michel Aulas sur l&rsquo;\u00e9limination des Bleues en quarts de l&rsquo;Euro : \u00ab Un manque d&rsquo;humilit\u00e9 qui nous a p\u00e9nalis\u00e9s \u00bb<\/a>&nbsp;&nbsp;L&rsquo;\u00c9quipe<\/li>\n<li><a href=\"https:\/\/news.google.com\/rss\/articles\/CBMi_wFBVV95cUxNdkg1M2NDOVF0U2NhVUg2cTFnQUxnTU83ZnJmU1hkbkpNc0RNUU8yWWtsNUVkWG9WSDdXMzcxckdXWDV1OXN1b2lhY2hQVDhGdnRwLUdGNFBydEpoalJtNmxfYUlra1E2NXVKbTlaQVdMTTRtMklxcnRWbFZUVjRwTlN5RktJTy04Z1FPbWlFcGpiMl9lZDhMejVzXzUyZ0VZZXR4dERQM3NxQm4wWGFkRnpTNGl0a3luWjlwTUVmRlRKdXJPT0FMUHQtZG41SmprVjE2VV9tTk9iQU9yakhJa1JMNVZkNnlRcFFBQjBfNk0tT1hHVDZTdXZ4aTJMMEE?oc=5\" target=\"_blank\" rel=\"nofollow noopener\">Euro f\u00e9minin 2025: \u00ab\u00a0Quelques attitudes qui interpellent\u00a0\u00bb, les confidences d&rsquo;Aulas sur \u00ab\u00a0l&rsquo;\u00e9chec\u00a0\u00bb des Bleues<\/a>&nbsp;&nbsp;RMC Sport<\/li>\n<li><a href=\"https:\/\/news.google.com\/rss\/articles\/CBMi3AFBVV95cUxOekFxcEotcFFzdWlZWk9TVWU4blhuc2VZZENIVXVlMFdCbjdkQ2piUzYwYW43bDFYckY5RS1fYl9HU0FId3d0Z1hIV0dITTdkOE9oRU9aOVRZSTRUV1JVN0xKQ0ZPc3h5VDdvNDFSN0NSZWRfUk1CMS00YTBVWHVkOVFYd09rekE0M0hsY1hUOXlLR3RBQV8zak1wM0lTLXdTbjFBVldRc3FoZHhOV0Z4Rk8tN3g4R2M4STdiaVZ0cGhUNHhzWDBWRXhxYUt5VVg3TFV5Y0JWZXY0cUhW?oc=5\" target=\"_blank\" rel=\"nofollow noopener\">L\u2019\u00e9quipe de France f\u00e9minine de football face \u00e0 ses \u00e9checs \u00e0 r\u00e9p\u00e9tition, apr\u00e8s sa cruelle d\u00e9faite contre l\u2019Allemagne<\/a>&nbsp;&nbsp;Le Monde.fr<\/li>\n<li><a href=\"https:\/\/news.google.com\/rss\/articles\/CBMi5AFBVV95cUxQUmNtamdOOE5OM0JqTnc5TGFBZmJmN3AtM3Y2U0dGTmlmR3c2b3poZkV3bHlWSldhMG5hT0pZa0NIbVBkUm13bXR2Tng3Y3hzWVJDX1hjTmVDUWtHQUJ0c2F6M0hZcWtEYUxDcmUtZk1Ock9Sb2Q4RERMR1VfTjhFbG9aSk5Jbk56SmxiUF9HSXhibFotYUtSTkJ1YWUxZmdpUUJWUXpBb2p6QzZMQ1dBb09NOVduZTZhcUY2dEtzdXJ0cndaTEFiLXhRMzBOTFJ2VHhzWnlVcndXamh1ZVZzYW1oMkE?oc=5\" target=\"_blank\" rel=\"nofollow noopener\">Euro f\u00e9minin : la (tr\u00e8s) curieuse fa\u00e7on de tirer son penalty d\u2019Amel Majri, qui co\u00fbte cher \u00e0 la France<\/a>&nbsp;&nbsp;Le Figaro<\/li>\n<\/ol>\n","protected":false},"excerpt":{"rendered":"Face \u00e0 l&rsquo;Allemagne, les Bleues ont failli offensivement&nbsp;&nbsp;L&rsquo;\u00c9quipe Jean-Michel Aulas sur l&rsquo;\u00e9limination des Bleues en quarts de l&rsquo;Euro&hellip;\n","protected":false},"author":2,"featured_media":261722,"comment_status":"","ping_status":"","sticky":false,"template":"","format":"standard","meta":{"footnotes":""},"categories":[1587],"tags":[11,672,1804,1805,1803,1777,674,1801,12,1802],"class_list":{"0":"post-261721","1":"post","2":"type-post","3":"status-publish","4":"format-standard","5":"has-post-thumbnail","7":"category-allemagne","8":"tag-actualites","9":"tag-allemagne","10":"tag-bundesrepublik-deutschland","11":"tag-de","12":"tag-deutschland","13":"tag-eu","14":"tag-europe","15":"tag-germany","16":"tag-news","17":"tag-republique-federale-dallemagne"},"share_on_mastodon":{"url":"https:\/\/pubeurope.com\/@fr\/114887118235875628","error":""},"_links":{"self":[{"href":"https:\/\/www.europesays.com\/fr\/wp-json\/wp\/v2\/posts\/261721","targetHints":{"allow":["GET"]}}],"collection":[{"href":"https:\/\/www.europesays.com\/fr\/wp-json\/wp\/v2\/posts"}],"about":[{"href":"https:\/\/www.europesays.com\/fr\/wp-json\/wp\/v2\/types\/post"}],"author":[{"embeddable":true,"href":"https:\/\/www.europesays.com\/fr\/wp-json\/wp\/v2\/users\/2"}],"replies":[{"embeddable":true,"href":"https:\/\/www.europesays.com\/fr\/wp-json\/wp\/v2\/comments?post=261721"}],"version-history":[{"count":0,"href":"https:\/\/www.europesays.com\/fr\/wp-json\/wp\/v2\/posts\/261721\/revisions"}],"wp:featuredmedia":[{"embeddable":true,"href":"https:\/\/www.europesays.com\/fr\/wp-json\/wp\/v2\/media\/261722"}],"wp:attachment":[{"href":"https:\/\/www.europesays.com\/fr\/wp-json\/wp\/v2\/media?parent=261721"}],"wp:term":[{"taxonomy":"category","embeddable":true,"href":"https:\/\/www.europesays.com\/fr\/wp-json\/wp\/v2\/categories?post=261721"},{"taxonomy":"post_tag","embeddable":true,"href":"https:\/\/www.europesays.com\/fr\/wp-json\/wp\/v2\/tags?post=261721"}],"curies":[{"name":"wp","href":"https:\/\/api.w.org\/{rel}","templated":true}]}}