{"id":261723,"date":"2025-07-20T19:04:10","date_gmt":"2025-07-20T19:04:10","guid":{"rendered":"https:\/\/www.europesays.com\/fr\/261723\/"},"modified":"2025-07-20T19:04:10","modified_gmt":"2025-07-20T19:04:10","slug":"les-agents-du-pays-de-lauxois-morvan-avec-elles-lunion-europeenne-na-jamais-ete-aussi-proche-des-petits-territoires","status":"publish","type":"post","link":"https:\/\/www.europesays.com\/fr\/261723\/","title":{"rendered":"Les agents du Pays de l\u2019Auxois-Morvan. Avec elles, l\u2019Union europ\u00e9enne n\u2019a jamais \u00e9t\u00e9 aussi proche des petits territoires"},"content":{"rendered":"<p>\u00ab\u00a0Appelez-moi Madame subventions\u00a0\u00bb, lance en riant Caroline Vissant, qui se fait \u00e9galement appeler \u201cMadame Europe\u201d. Des surnoms qui collent finalement parfaitement \u00e0 la peau de celle qui officie comme animatrice du programme Leader (pour \u201cLiaison entre les actions de d\u00e9veloppement de l\u2019economie rurale\u201d, une initiative de l\u2019Union europ\u00e9enne pour financer des projets en zone rurale) depuis maintenant presque quinze ans. \u00ab\u00a0D\u2019abord comme gestionnaire de 2011 \u00e0 2015 au sein du Pays de l\u2019Auxois-Morvan, puis \u00e0 la R\u00e9gion pendant quatre ans, avant de revenir en 2019, \u00e0 mon poste actuel\u00a0\u00bb, d\u00e9taille celle qui ajoute qu\u2019auparavant, elle travaillait d\u00e9j\u00e0 dans le domaine des fonds europ\u00e9ens, mais pour le Parc naturel&#8230;<\/p>\n","protected":false},"excerpt":{"rendered":"\u00ab\u00a0Appelez-moi Madame subventions\u00a0\u00bb, lance en riant Caroline Vissant, qui se fait \u00e9galement appeler \u201cMadame Europe\u201d. Des surnoms qui&hellip;\n","protected":false},"author":2,"featured_media":261724,"comment_status":"","ping_status":"","sticky":false,"template":"","format":"standard","meta":{"footnotes":""},"categories":[1586],"tags":[11,1984,11743,1777,674,107,1011,27,12,316,25,40141,40142],"class_list":{"0":"post-261723","1":"post","2":"type-post","3":"status-publish","4":"format-standard","5":"has-post-thumbnail","7":"category-europe","8":"tag-actualites","9":"tag-conseil-municipal","10":"tag-edition-haute-cote-dor","11":"tag-eu","12":"tag-europe","13":"tag-fil-info","14":"tag-fr","15":"tag-france","16":"tag-news","17":"tag-politique","18":"tag-republique-francaise","19":"tag-vitteaux","20":"tag-vitteaux-bassin"},"share_on_mastodon":{"url":"https:\/\/pubeurope.com\/@fr\/114887122278733728","error":""},"_links":{"self":[{"href":"https:\/\/www.europesays.com\/fr\/wp-json\/wp\/v2\/posts\/261723","targetHints":{"allow":["GET"]}}],"collection":[{"href":"https:\/\/www.europesays.com\/fr\/wp-json\/wp\/v2\/posts"}],"about":[{"href":"https:\/\/www.europesays.com\/fr\/wp-json\/wp\/v2\/types\/post"}],"author":[{"embeddable":true,"href":"https:\/\/www.europesays.com\/fr\/wp-json\/wp\/v2\/users\/2"}],"replies":[{"embeddable":true,"href":"https:\/\/www.europesays.com\/fr\/wp-json\/wp\/v2\/comments?post=261723"}],"version-history":[{"count":0,"href":"https:\/\/www.europesays.com\/fr\/wp-json\/wp\/v2\/posts\/261723\/revisions"}],"wp:featuredmedia":[{"embeddable":true,"href":"https:\/\/www.europesays.com\/fr\/wp-json\/wp\/v2\/media\/261724"}],"wp:attachment":[{"href":"https:\/\/www.europesays.com\/fr\/wp-json\/wp\/v2\/media?parent=261723"}],"wp:term":[{"taxonomy":"category","embeddable":true,"href":"https:\/\/www.europesays.com\/fr\/wp-json\/wp\/v2\/categories?post=261723"},{"taxonomy":"post_tag","embeddable":true,"href":"https:\/\/www.europesays.com\/fr\/wp-json\/wp\/v2\/tags?post=261723"}],"curies":[{"name":"wp","href":"https:\/\/api.w.org\/{rel}","templated":true}]}}