{"id":261729,"date":"2025-07-20T19:07:08","date_gmt":"2025-07-20T19:07:08","guid":{"rendered":"https:\/\/www.europesays.com\/fr\/261729\/"},"modified":"2025-07-20T19:07:08","modified_gmt":"2025-07-20T19:07:08","slug":"blesse-par-balle-un-homme-est-laisse-aux-urgences-de-monod-et-meurt-le-lendemain","status":"publish","type":"post","link":"https:\/\/www.europesays.com\/fr\/261729\/","title":{"rendered":"bless\u00e9 par balle, un homme est laiss\u00e9 aux urgences de Monod et meurt le lendemain"},"content":{"rendered":"<p>            Par<br \/>\n        <strong><br \/>\n            <a href=\"https:\/\/actu.fr\/auteur\/julien-bouteiller\" title=\"Consulter tous les articles de Julien Bouteiller\" rel=\"nofollow noopener\" target=\"_blank\">Julien Bouteiller<\/a><br \/>\n        <\/strong><\/p>\n<p>        Publi\u00e9 le<\/p>\n<p>            20 juil. 2025 \u00e0 19h33        <\/p>\n<p><strong>Touch\u00e9 par balle dans le dos, il n\u2019a pas surv\u00e9cu<\/strong>. Un homme a \u00e9t\u00e9 tu\u00e9 dans la soir\u00e9e du samedi 19 juillet 2025, <a href=\"https:\/\/actu.fr\/normandie\/le-havre_76351\" rel=\"nofollow noopener\" target=\"_blank\">au Havre<\/a>, apprend-on de la procureure de la R\u00e9publique, cit\u00e9e par l\u2019AFP.\u00a0<\/p>\n<p>Bless\u00e9 par balle, laiss\u00e9 aux urgences<\/p>\n<p class=\" wall-content\">D\u2019apr\u00e8s Soizic Guillaume, \u00ab\u00a0peu avant 21 heures, un homme bless\u00e9 par balle a \u00e9t\u00e9 d\u00e9pos\u00e9 aux urgences du <a href=\"https:\/\/actu.fr\/tag\/hopital-jacques-monod-2\" rel=\"nofollow noopener\" target=\"_blank\">CH Monod<\/a>. Il se trouvait en urgence absolue\u00a0\u00bb.<strong> Son d\u00e9c\u00e8s est survenu dimanche<\/strong> dans l\u2019apr\u00e8s-midi, malgr\u00e9 sa prise en charge \u00e0 l\u2019h\u00f4pital. Les personnes qui l\u2019ont d\u00e9pos\u00e9 ont quant \u00e0 elles pris la fuite.<\/p>\n<p class=\" wall-content\">Selon les premiers \u00e9l\u00e9ments de l\u2019enqu\u00eate d\u00e9voil\u00e9s par l\u2019AFP, la victime \u00e2g\u00e9e d\u2019une trentaine d\u2019ann\u00e9es <strong>pr\u00e9sentait deux plaies par balle dans le dos<\/strong>.<\/p>\n<p class=\" wall-content\"><strong>Originaire de Rennes<\/strong>, l\u2019homme a des ant\u00e9c\u00e9dents judiciaires li\u00e9s au trafic de stup\u00e9fiants. Ce sera probablement l\u2019une des pistes \u00e0 creuser pour les enqu\u00eateurs de la PJ du Havre. Mais pour l\u2019heure, aucune hypoth\u00e8se n\u2019est \u00e9cart\u00e9e.\u00a0<\/p>\n<p class=\" wall-content\"><strong>avec AFP<\/strong><\/p>\n<p>Suivez l\u2019actualit\u00e9 du Havre <a href=\"https:\/\/www.whatsapp.com\/channel\/0029VaFqJYE8aKvLBwVrEe0o\" rel=\"nofollow noopener\" target=\"_blank\">sur notre cha\u00eene WhatsApp<\/a> et <a href=\"https:\/\/www.tiktok.com\/@76actu.fr?lang=fr\" rel=\"nofollow noopener\" target=\"_blank\">sur notre compte TikTok<\/a>Vid\u00e9os : en ce moment sur Actu<\/p>\n<p class=\" wall-content\">Suivez toute l\u2019actualit\u00e9 de vos villes et m\u00e9dias favoris en vous inscrivant \u00e0 <a href=\"https:\/\/moncompte.actu.fr\" title=\"D\u00e9couvez Mon Actu\" rel=\"nofollow noopener\" data-trk=\"{&quot;cta&quot;:{&quot;action&quot;:&quot;https:\\\/\\\/moncompte.actu.fr&quot;,&quot;category&quot;:&quot;mon compte&quot;,&quot;from&quot;:&quot;article footer&quot;,&quot;name&quot;:&quot;Mon actu&quot;,&quot;type&quot;:&quot;cta&quot;}}\" target=\"_blank\">Mon Actu<\/a>.<\/p>\n<ul class=\"ac-article-tag wall-content\">\n<li><a href=\"https:\/\/actu.fr\/tag\/hopital-jacques-monod-2\" data-trk=\"{&quot;cta&quot;:{&quot;action&quot;:&quot;H\\u00f4pital Jacques-Monod du Havre&quot;,&quot;category&quot;:&quot;tag&quot;,&quot;from&quot;:&quot;article footer&quot;,&quot;name&quot;:&quot;H\\u00f4pital Jacques-Monod du Havre&quot;,&quot;type&quot;:&quot;cta&quot;}}\" rel=\"nofollow noopener\" target=\"_blank\">#H\u00f4pital Jacques-Monod du Havre<\/a><\/li>\n<li><a href=\"https:\/\/actu.fr\/tag\/meurtre\" data-trk=\"{&quot;cta&quot;:{&quot;action&quot;:&quot;Meurtre&quot;,&quot;category&quot;:&quot;tag&quot;,&quot;from&quot;:&quot;article footer&quot;,&quot;name&quot;:&quot;Meurtre&quot;,&quot;type&quot;:&quot;cta&quot;}}\" rel=\"nofollow noopener\" target=\"_blank\">#Meurtre<\/a><\/li>\n<\/ul>\n<p>                    <script async src=\"\/\/www.tiktok.com\/embed.js\"><\/script><\/p>\n","protected":false},"excerpt":{"rendered":"Par Julien Bouteiller Publi\u00e9 le 20 juil. 2025 \u00e0 19h33 Touch\u00e9 par balle dans le dos, il n\u2019a&hellip;\n","protected":false},"author":2,"featured_media":261730,"comment_status":"","ping_status":"","sticky":false,"template":"","format":"standard","meta":{"footnotes":""},"categories":[2],"tags":[11,118,1011,27,40143,777,12,25],"class_list":{"0":"post-261729","1":"post","2":"type-post","3":"status-publish","4":"format-standard","5":"has-post-thumbnail","7":"category-actualites","8":"tag-actualites","9":"tag-faits-divers","10":"tag-fr","11":"tag-france","12":"tag-hopital-jacques-monod-du-havre","13":"tag-meurtre","14":"tag-news","15":"tag-republique-francaise"},"share_on_mastodon":{"url":"https:\/\/pubeurope.com\/@fr\/114887133978046066","error":""},"_links":{"self":[{"href":"https:\/\/www.europesays.com\/fr\/wp-json\/wp\/v2\/posts\/261729","targetHints":{"allow":["GET"]}}],"collection":[{"href":"https:\/\/www.europesays.com\/fr\/wp-json\/wp\/v2\/posts"}],"about":[{"href":"https:\/\/www.europesays.com\/fr\/wp-json\/wp\/v2\/types\/post"}],"author":[{"embeddable":true,"href":"https:\/\/www.europesays.com\/fr\/wp-json\/wp\/v2\/users\/2"}],"replies":[{"embeddable":true,"href":"https:\/\/www.europesays.com\/fr\/wp-json\/wp\/v2\/comments?post=261729"}],"version-history":[{"count":0,"href":"https:\/\/www.europesays.com\/fr\/wp-json\/wp\/v2\/posts\/261729\/revisions"}],"wp:featuredmedia":[{"embeddable":true,"href":"https:\/\/www.europesays.com\/fr\/wp-json\/wp\/v2\/media\/261730"}],"wp:attachment":[{"href":"https:\/\/www.europesays.com\/fr\/wp-json\/wp\/v2\/media?parent=261729"}],"wp:term":[{"taxonomy":"category","embeddable":true,"href":"https:\/\/www.europesays.com\/fr\/wp-json\/wp\/v2\/categories?post=261729"},{"taxonomy":"post_tag","embeddable":true,"href":"https:\/\/www.europesays.com\/fr\/wp-json\/wp\/v2\/tags?post=261729"}],"curies":[{"name":"wp","href":"https:\/\/api.w.org\/{rel}","templated":true}]}}