{"id":261735,"date":"2025-07-20T19:11:08","date_gmt":"2025-07-20T19:11:08","guid":{"rendered":"https:\/\/www.europesays.com\/fr\/261735\/"},"modified":"2025-07-20T19:11:08","modified_gmt":"2025-07-20T19:11:08","slug":"saison-2025-france-pologne-volley-ball-ligue-des-nations-masculine","status":"publish","type":"post","link":"https:\/\/www.europesays.com\/fr\/261735\/","title":{"rendered":"Saison 2025 &#8211; France \/ Pologne &#8211; Volley-ball : Ligue des nations masculine"},"content":{"rendered":"<p>            R\u00e9sum\u00e9 du programme<\/p>\n<p>\n                Au soir du huiti\u00e8me match du Tour pr\u00e9liminaire, Fran\u00e7ois Huetz et les Bleus occupaient la quatri\u00e8me place du classement derri\u00e8re le Br\u00e9sil, la Pologne et le Japon. Les joueurs d&rsquo;Andrea Giani s&rsquo;attendent \u00e0 une rencontre difficile face aux Polonais qui se posent comme de solides rivaux dans la lutte pour le sacre en Ligue des nations. Cette opposition s&rsquo;annonce riche d&rsquo;enseignements avant le Final 8 qui d\u00e9butera le 30 juillet prochain en Chine.\n            <\/p>\n","protected":false},"excerpt":{"rendered":"R\u00e9sum\u00e9 du programme Au soir du huiti\u00e8me match du Tour pr\u00e9liminaire, Fran\u00e7ois Huetz et les Bleus occupaient la&hellip;\n","protected":false},"author":2,"featured_media":39176,"comment_status":"","ping_status":"","sticky":false,"template":"","format":"standard","meta":{"footnotes":""},"categories":[1417],"tags":[22593,1011,27,10856,5240,60,1470,1632,40144,1469],"class_list":{"0":"post-261735","1":"post","2":"type-post","3":"status-publish","4":"format-standard","5":"has-post-thumbnail","7":"category-volley","8":"tag-emissionsportive","9":"tag-fr","10":"tag-france","11":"tag-lequipe","12":"tag-programme","13":"tag-sports","14":"tag-volley","15":"tag-volley-ball","16":"tag-volley-ball-ligue-des-nations-masculine","17":"tag-volleyball"},"share_on_mastodon":{"url":"https:\/\/pubeurope.com\/@fr\/114887149686309736","error":""},"_links":{"self":[{"href":"https:\/\/www.europesays.com\/fr\/wp-json\/wp\/v2\/posts\/261735","targetHints":{"allow":["GET"]}}],"collection":[{"href":"https:\/\/www.europesays.com\/fr\/wp-json\/wp\/v2\/posts"}],"about":[{"href":"https:\/\/www.europesays.com\/fr\/wp-json\/wp\/v2\/types\/post"}],"author":[{"embeddable":true,"href":"https:\/\/www.europesays.com\/fr\/wp-json\/wp\/v2\/users\/2"}],"replies":[{"embeddable":true,"href":"https:\/\/www.europesays.com\/fr\/wp-json\/wp\/v2\/comments?post=261735"}],"version-history":[{"count":0,"href":"https:\/\/www.europesays.com\/fr\/wp-json\/wp\/v2\/posts\/261735\/revisions"}],"wp:featuredmedia":[{"embeddable":true,"href":"https:\/\/www.europesays.com\/fr\/wp-json\/wp\/v2\/media\/39176"}],"wp:attachment":[{"href":"https:\/\/www.europesays.com\/fr\/wp-json\/wp\/v2\/media?parent=261735"}],"wp:term":[{"taxonomy":"category","embeddable":true,"href":"https:\/\/www.europesays.com\/fr\/wp-json\/wp\/v2\/categories?post=261735"},{"taxonomy":"post_tag","embeddable":true,"href":"https:\/\/www.europesays.com\/fr\/wp-json\/wp\/v2\/tags?post=261735"}],"curies":[{"name":"wp","href":"https:\/\/api.w.org\/{rel}","templated":true}]}}