{"id":261736,"date":"2025-07-20T19:12:13","date_gmt":"2025-07-20T19:12:13","guid":{"rendered":"https:\/\/www.europesays.com\/fr\/261736\/"},"modified":"2025-07-20T19:12:13","modified_gmt":"2025-07-20T19:12:13","slug":"top-14-il-y-a-encore-de-bonnes-pioches-a-faire-sur-les-mois-de-juin-et-juillet-sebastien-tillous-borde-se-confie-sur-le-recrutement-de-montauban","status":"publish","type":"post","link":"https:\/\/www.europesays.com\/fr\/261736\/","title":{"rendered":"Top 14. \u00ab\u00a0Il y a encore de bonnes pioches \u00e0 faire sur les mois de juin et juillet\u00a0\u00bb, S\u00e9bastien Tillous-Borde se confie sur le recrutement de Montauban"},"content":{"rendered":"<p>\n                Apr\u00e8s une mont\u00e9e surprise en Top 14, le staff et les dirigeants de l\u2019USM ont d\u00fb s\u2019organiser en un mois seulement. Le manager, S\u00e9bastien Tillous-Borde a d\u00e9cid\u00e9 de conserver l\u2019ensemble de son effectif en misant seulement sur deux recrues.\n            <\/p>\n<p><strong>Tout d\u2019abord, votre recrutement est-il termin\u00e9 ?<\/strong><\/p>\n<p>Pour l\u2019instant, oui. On avait d\u00e9j\u00e0 fait notre recrutement avant de finir la saison. Il ne nous restait que tr\u00e8s peu de contrats \u00e0 offrir et on n\u2019avait surtout pas la volont\u00e9 de changer notre \u00e9quipe parce qu\u2019on venait de monter. On ne voyait pas l\u2019int\u00e9r\u00eat de virer dix mecs pour aller en chercher dix.<\/p>\n<p><strong>Dans l\u2019absolu, un mois pour recruter, c\u2019est court\u2026<\/strong><\/p>\n<p>Oui, mais les r\u00e9unions ont \u00e9t\u00e9 rapides. On ne s\u2019est pas trop pris la t\u00eate. Bien s\u00fbr, on a r\u00e9fl\u00e9chi \u00e0 plusieurs possibilit\u00e9s mais avec ce que ce groupe a r\u00e9alis\u00e9, on ne pouvait pas le d\u00e9truire comme \u00e7a. Monter, \u00e7a a \u00e9t\u00e9, entre guillemets, une surprise. Brive ou Grenoble avaient pr\u00e9par\u00e9 leur mont\u00e9e, nous, ce n\u2019\u00e9tait pas du tout le cas. On s\u2019\u00e9tait pr\u00e9par\u00e9s pour rester en Pro D2. On est mont\u00e9s avec un groupe qui va d\u00e9fendre avec valeur notre maillot la saison prochaine. Le fait de prendre deux joueurs devant, en plus des deux qu\u2019on avait d\u00e9j\u00e0 recrut\u00e9s, correspondait vraiment \u00e0 une recherche particuli\u00e8re : la polyvalence.<\/p>\n<p><strong>Il n\u2019y avait donc pas forc\u00e9ment la n\u00e9cessit\u00e9 de recruter plus encore ?<\/strong><\/p>\n<p>Pas forc\u00e9ment. Apr\u00e8s, je sais qu\u2019entre le niveau du Pro D2 et celui du Top 14, il y a un grand \u00e9cart. C\u2019est \u00e0 nous de nous adapter \u00e0 ce niveau-l\u00e0, aux joueurs de montrer qu\u2019ils ont le niveau pour jouer en Top 14. On va faire le maximum pour se maintenir avec nos armes, avec la mani\u00e8re dont on a construit notre groupe depuis un an mais aussi avec le jeu qu\u2019on veut mettre en place.<\/p>\n<p><strong>Finalement, \u00e0 quoi ressemble un recrutement au mois de juillet. Les possibilit\u00e9s ne sont-elles pas relativement restreintes ?<\/strong><\/p>\n<p>Il y a toujours des joueurs disponibles, notamment des joueurs de l\u2019h\u00e9misph\u00e8re Sud. Il y a des propositions d\u2019agents qui nous envoient des CV. Il y a de grandes listes de joueurs qu\u2019on peut recruter. Globalement, il y a encore des bonnes pioches \u00e0 faire sur les mois de juin et juillet. Il faut \u00eatre patient, mais il y a toujours des noms qui peuvent sortir et m\u00eame parfois des internationaux. Mais ce sont souvent des \u00e9trangers donc non JIFF.<\/p>\n<p><strong>En ce sens, vous avez recrut\u00e9 Vaea Fifita\u2026<\/strong><\/p>\n<p>Oui, il avait une clause dans son contrat. C\u2019est un joueur qui a \u00e9t\u00e9 en contact avec Toulouse, la saison derni\u00e8re ou celle d\u2019avant, il me semble. Il \u00e9tait tent\u00e9 par une aventure en Top 14. On a nou\u00e9 des contacts, on a fait des visios, \u00e7a s\u2019est tr\u00e8s bien pass\u00e9. On s\u2019est dit qu\u2019un joueur comme lui pouvait nous amener une plus-value.<\/p>\n<p><strong>Y a-t-il des noms qui vous ont surpris, parmi les CV que vous avez vu passer ?<\/strong><\/p>\n<p>Plus \u00e7a va et plus il y a de gros noms dans la liste des ch\u00f4meurs, il y a \u00e9norm\u00e9ment de concurrence avec de jeunes joueurs qui arrivent de plus en plus t\u00f4t au niveau\u2026 Quand tu vois le nombre de joueurs ch\u00f4meurs sur la liste ces derni\u00e8res ann\u00e9es, c\u2019est assez surprenant.<\/p>\n<p><strong>Vous avez d\u00e9sormais la possibilit\u00e9 de recruter des joueurs suppl\u00e9mentaires. Avez-vous d\u00e9j\u00e0 commenc\u00e9 \u00e0 vous renseigner ?<\/strong><\/p>\n<p>Honn\u00eatement, je n\u2019ai pas commenc\u00e9 \u00e0 chercher parce que je ne cherche pas de joueur pour le moment. Il y a Vaea Fifita qui doit arriver. Il y a quatre piliers \u00e0 gauche, quatre talonneurs, quatre piliers droits, quatre deuxi\u00e8me ligne\u2026 On a du monde partout.<\/p>\n<p><strong>En parlant d\u2019effectif, quels sont les profils que l\u2019on cible en tant que club promu ?<\/strong><\/p>\n<p>\u00c7a d\u00e9pend des effectifs et des budgets. Nous, ce qu\u2019on voulait, c\u2019\u00e9tait avoir du monde devant parce qu\u2019on sait que \u00e7a va piquer toute la saison. On voulait disposer d\u2019un effectif assez large pour avoir de la rotation et essayer de performer chaque match, avec des joueurs diff\u00e9rents sur le terrain.<\/p>\n<p><strong>Pour \u00e9viter le genre de sc\u00e9nario que Montauban a connu cette saison, avec un recrutement et une adaptation express, comprenez-vous que certains pr\u00e9sidents r\u00e9clament un changement de formule pour l\u2019accession, en revenant \u00e0 une mont\u00e9e directe pour le club qui termine \u00e0 la premi\u00e8re place du championnat ?<\/strong><\/p>\n<p>Je peux comprendre. C\u2019est vrai qu\u2019en montant au dernier moment, il est toujours difficile de parfaire son recrutement. Personnellement, ce que j\u2019adore, ce sont les phases finales. Il y a du pour, il y a du contre\u2026 De Pro D2 \u00e0 Top 14, quand tu peux monter tout de suite, comme Lyon \u00e0 l\u2019\u00e9poque, qui termine premier avec, il me semble, plus de 100 points, c\u2019est facilitant pour le recrutement. Mais les phases finales procurent aussi des \u00e9motions \u00e9normes.<\/p>\n<p><strong>Alors ?<\/strong><\/p>\n<p>Peu importe, finalement ! \u00c0 un moment donn\u00e9, il faut aller chercher les choses. Quand tu es premier tout au long de la saison, de savoir que cela va t\u2019assurer la mont\u00e9e, cela peut s\u00fbrement aider. Est-ce que cela change tout ? Je ne suis pas s\u00fbr&#8230;<\/p>\n","protected":false},"excerpt":{"rendered":"Apr\u00e8s une mont\u00e9e surprise en Top 14, le staff et les dirigeants de l\u2019USM ont d\u00fb s\u2019organiser en&hellip;\n","protected":false},"author":2,"featured_media":261737,"comment_status":"","ping_status":"","sticky":false,"template":"","format":"standard","meta":{"footnotes":""},"categories":[1416],"tags":[1011,27,479,1468,60],"class_list":{"0":"post-261736","1":"post","2":"type-post","3":"status-publish","4":"format-standard","5":"has-post-thumbnail","7":"category-rugby","8":"tag-fr","9":"tag-france","10":"tag-rugby","11":"tag-rugby-football","12":"tag-sports"},"share_on_mastodon":{"url":"https:\/\/pubeurope.com\/@fr\/114887153622591270","error":""},"_links":{"self":[{"href":"https:\/\/www.europesays.com\/fr\/wp-json\/wp\/v2\/posts\/261736","targetHints":{"allow":["GET"]}}],"collection":[{"href":"https:\/\/www.europesays.com\/fr\/wp-json\/wp\/v2\/posts"}],"about":[{"href":"https:\/\/www.europesays.com\/fr\/wp-json\/wp\/v2\/types\/post"}],"author":[{"embeddable":true,"href":"https:\/\/www.europesays.com\/fr\/wp-json\/wp\/v2\/users\/2"}],"replies":[{"embeddable":true,"href":"https:\/\/www.europesays.com\/fr\/wp-json\/wp\/v2\/comments?post=261736"}],"version-history":[{"count":0,"href":"https:\/\/www.europesays.com\/fr\/wp-json\/wp\/v2\/posts\/261736\/revisions"}],"wp:featuredmedia":[{"embeddable":true,"href":"https:\/\/www.europesays.com\/fr\/wp-json\/wp\/v2\/media\/261737"}],"wp:attachment":[{"href":"https:\/\/www.europesays.com\/fr\/wp-json\/wp\/v2\/media?parent=261736"}],"wp:term":[{"taxonomy":"category","embeddable":true,"href":"https:\/\/www.europesays.com\/fr\/wp-json\/wp\/v2\/categories?post=261736"},{"taxonomy":"post_tag","embeddable":true,"href":"https:\/\/www.europesays.com\/fr\/wp-json\/wp\/v2\/tags?post=261736"}],"curies":[{"name":"wp","href":"https:\/\/api.w.org\/{rel}","templated":true}]}}