{"id":261742,"date":"2025-07-20T19:17:14","date_gmt":"2025-07-20T19:17:14","guid":{"rendered":"https:\/\/www.europesays.com\/fr\/261742\/"},"modified":"2025-07-20T19:17:14","modified_gmt":"2025-07-20T19:17:14","slug":"toutes-les-reactions-apres-la-15e-etape","status":"publish","type":"post","link":"https:\/\/www.europesays.com\/fr\/261742\/","title":{"rendered":"toutes les r\u00e9actions apr\u00e8s la 15e \u00e9tape"},"content":{"rendered":"<p>  Tim Wellens (UAE Team Emirates), vainqueur de la 15e \u00e9tape<\/p>\n<p>\u00ab\u00a0Avant le Tour de France, je n\u2019avais jamais cru que j\u2019allais passer quelques jours avec le maillot \u00e0 pois et l\u00e0 avec une victoire d\u2019\u00e9tape, c\u2019est tellement magnifique. C\u2019est un beau moment. C\u2019\u00e9tait pas vraiment pr\u00e9vu, on rigolait avec Nils (Politt, ndlr) qu\u2019on allait aller dans l\u2019\u00e9chapp\u00e9e et apr\u00e8s la chute, je suis dans le premier groupe, je suivais une attaque. C\u2019\u00e9tait pas vraiment le planning au matin. Tadej m\u2019avait demand\u00e9 d\u2019aller parler \u00e0 quelques coureurs mais pas tout le monde m\u2019a \u00e9cout\u00e9. Tout le monde veut \u00eatre dans l\u2018\u00e9chapp\u00e9e, c\u2019est comme \u00e7a. Campi (Victor Campenaerts, ndlr) se sentit tr\u00e8s bien aussi, c\u2019\u00e9tait s\u00fbr qu\u2019on \u00e9tait les meilleurs de la course et je devais attaquer avant lui. Si on peut choisir, c\u2019est chouette de gagner une \u00e9tape au Tour de France mais aider Tadej c\u2019est plus facile, plus relax. Il est comme vous le voyez, gentil, il aime rigoler et quand les co\u00e9quipiers gagnent.\u00a0\u00bb<\/p>\n<p><a href=\"https:\/\/www.ledauphine.com\/p\/tadej-pogacar\" target=\"_blank\" rel=\"noopener\">Tadej Pogacar<\/a> (UEA Team Emirates), leader du classement g\u00e9n\u00e9ral<\/p>\n<p>\u00ab\u00a0Je suis tr\u00e8s heureux <a href=\"https:\/\/www.ledauphine.com\/sport\/2025\/07\/20\/un-terrain-de-jeu-concu-pour-les-baroudeurs-jusqu-a-carcassonne-suivez-la-15e-etape-de-la-grande-boucle\" target=\"_blank\" rel=\"noopener\">pour lui (Tim Wellens, ndlr)<\/a>, il travaille tellement dur pour qu\u2019on garde ce maillot jaune. Il m\u2019a aid\u00e9 au cours des derni\u00e8res ann\u00e9es sur les Classiques, il s\u2019est toujours sacrifi\u00e9 pour moi. L\u00e0, il gagne sur le Tour c\u2019est formidable pour l\u2019\u00e9quipe, il a eu une opportunit\u00e9 qu\u2019il a saisie. Je suis encore plus heureux pour lui que quand je gagne une \u00e9tape sur le Tour, c\u2019est formidable\u00a0! (La derni\u00e8re semaine) Le premier objectif c\u2019est la prudence, de maintenir cet \u00e9cart. Hier, Jonas a montr\u00e9 qu\u2019il \u00e9tait tr\u00e8s fort, je peux m\u2019attendre \u00e0 des attaques dans la haute montagne. Je vais essayer de me d\u00e9fendre au mieux. (La journ\u00e9e de repos) Demain, <a href=\"https:\/\/www.ledauphine.com\/sport\/2025\/07\/03\/exploits-amour-panache-quatre-choses-a-savoir-sur-tadej-pogacar\" target=\"_blank\" rel=\"noopener\">Urska (sa compagne, ndlr) <\/a>vient me rejoindre, j\u2019esp\u00e8re qu\u2019il n\u2018y aura pas trop d\u2019obligations, une petite sortie avec les copains, on va en profiter. (Mont Ventoux) C\u2019est pour apr\u00e8s demain on va pas y penser, on sera assez dessus.\u00a0\u00bb<\/p>\n<p>\u00ab\u00a0C\u2019\u00e9tait une journ\u00e9e un peu folle, je me sentais bien mais j\u2019ai \u00e9t\u00e9 pris dans une chute. Je me suis d\u00e9boit\u00e9 l\u2019\u00e9paule et je me suis dit que \u00e7a allait \u00eatre compliqu\u00e9 mais je me suis souvenue comment ils avaient fait \u00e0 l\u2019h\u00f4pital et j\u2018ai r\u00e9ussi \u00e0 la remettre. Je sais juste que \u00e7a a fait un gros clac et que c\u2019est revenu dans l\u2019ordre. Apr\u00e8s, c\u2019\u00e9tait un contre la montre pour revenir. Malheureusement la radio ne marchait plus donc j\u2019ai fait le sprint comme un con pour essayer de gagner. Une belle \u00e9tape avec Michael Storer dans l\u2019\u00e9chapp\u00e9e, c\u2019\u00e9tait l\u2019objectif de l\u2019\u00e9quipe. J\u2019ai essay\u00e9 de faire le meilleur sprint possible en pendant \u00e0 la victoire d\u2019\u00e9tape. \u00c7a aurait pu mieux se terminer mais j&rsquo;aurais aussi pu rentrer \u00e0 la maison. Physiquement, je sens que \u00e7a va de mieux en mieux. J\u2019ai couru plus juste, c\u2019est juste la chute qui a un peu perturb\u00e9 l\u2019\u00e9tape. Je m\u2019en serais bien pass\u00e9. \u00c7a va \u00eatre un peu compliqu\u00e9 les prochains jours parce que j\u2019ai senti que je ne pouvais pas mettre la main \u00e0 la poche. Il n\u2019y a pas d\u2019arrachement, pas de complication. Les trente secondes qui ont suivi la chute, j\u2019ai cru que c\u2019\u00e9tait fini pour moi parce que je connais la douleur. J\u2019ai pris le temps, j\u2019ai su faire le bon mouvement. J\u2019ai fait un gros effort pour rentrer et les jambes \u00e9taient bonnes.\u00a0Demain, la journ\u00e9e de repos va faire du bien. J\u2019esp\u00e8re surcompens\u00e9 un peu de ce d\u00e9but de Tour hyper rapide et usant. Il reste encore quelques opportunit\u00e9s, je suis motiv\u00e9 jusqu\u2019\u00e0 Paris. \u00bb<\/p>\n<p>Raphael Meyer (directeur g\u00e9n\u00e9ral de Tudor) \u00e0 propos de la journ\u00e9e de <a href=\"https:\/\/www.ledauphine.com\/p\/julian-alaphilippe\" target=\"_blank\" rel=\"noopener\">Julian Alaphilippe<\/a><\/p>\n<p>\u00ab\u00a0Il a eu la chute au d\u00e9but de la course, il a eu des douleurs dans l\u2019\u00e9paule, c\u2019\u00e9tait une luxation, et maintenant on va faire des radios et on va voir. La radio n\u2019a pas fonctionn\u00e9 donc il pensait qu\u2019il \u00e9tait premier sur la ligne mais on est content qu\u2019il soit 3e apr\u00e8s cette chute. On a pens\u00e9 qu\u2019il s\u2019\u00e9tait fait vraiment mal.\u00a0\u00bb<\/p>\n<p><a href=\"https:\/\/www.ledauphine.com\/p\/lenny-martinez\" target=\"_blank\" rel=\"noopener\">Lenny Martinez<\/a> (Bahrain Victorious), maillot \u00e0 pois<\/p>\n<p>\u00ab\u00a0Ca roulait super vite. A un moment il y a eu une chute et le peloton s\u2019est scind\u00e9 en deux. Apr\u00e8s on a essay\u00e9 de rejoindre l\u2019arriv\u00e9e le plus vite possible. Aujourd\u2019hui c\u2019\u00e9tait une bonne journ\u00e9e, j\u2019ai h\u00e2te de la journ\u00e9e de repos. (Maillot \u00e0 pois) C\u2019est pas beaucoup parce que je sens qu\u2019il (Tadej Pogacar, ndlr) va gagner encore pas mal d\u2019\u00e9tapes. J\u2019esp\u00e8re qu\u2019\u00e0 la fin je serai devant. (Mont Ventoux) C\u2019est une belle \u00e9tape, c\u2019est assez plat au d\u00e9but avant le Mont Ventoux, je suis super content d\u2019y retourner. Je pense que \u00e7a va se jouer plus pour les mecs du g\u00e9n\u00e9ral, je ne suis pas s\u00fbr que l\u2019\u00e9chapp\u00e9e aille au bout. On verra avec l\u2019\u00e9quipe.\u00a0\u00bb<\/p>\n<p><a href=\"https:\/\/www.ledauphine.com\/p\/kevin-vauquelin\" target=\"_blank\" rel=\"noopener\">Kevin Vauquelin<\/a> (Ark\u00e9a \u2013 B&amp;B Hotels), 5e du classement g\u00e9n\u00e9ral<\/p>\n<p>\u00ab\u00a0Une journ\u00e9e difficile mais c\u2019est qu\u2019on a eu des petits soucis aux mauvais moments\u00a0: une chute qui a scind\u00e9 le peloton, donc c\u2019\u00e9tait une situation pas tr\u00e8s agr\u00e9able. Quand \u00e7a commence \u00e0 revenir devant je sens que je suis crev\u00e9, puis je me prends des bordures. L\u2018\u00e9quipe a fait un travail incroyable, ils se sont tous relev\u00e9s pour me remonter. Heureusement \u00e7a s\u2019est calm\u00e9 un peu. Il y avait des \u00e9quipes qui ont essay\u00e9 de d\u00e9fendre des places donc \u00e7a nous a bien arrang\u00e9s. Il fallait passer la journ\u00e9e. Il n\u2019y a pas d\u2019\u00e9tape de transition depuis le d\u00e9part o\u00f9 on ne fait rien. Tout le monde a ses int\u00e9r\u00eats chaque jour. Une fois que l\u2019\u00e9chapp\u00e9e est partie tout le monde voulait aller dedans parce qu\u2019il y a peu d\u2019opportunit\u00e9s.\u00a0\u00bb<\/p>\n<p>Louis Barr\u00e9 (Intermarch\u00e9 \u2013 Wanty), premier Tour de France<\/p>\n<p>Ca a \u00e9t\u00e9 tr\u00e8s compliqu\u00e9, tr\u00e8s rapide le d\u00e9but et avec cette chute collective. Le premier jour, j\u2019\u00e9tais malade, puis j\u2019ai eu la grosse chute \u00e0 M\u00fbr-de-Bretagne, mais il y aura des meilleurs jours. Je m\u2019accroche. J\u2019ai eu une grosse grosse blessure avant le Covid, je me suis fractur\u00e9 la m\u00e2choire et la rotule et \u00e7a a \u00e9t\u00e9 tr\u00e8s compliqu\u00e9 avec un an sans v\u00e9lo et un an et demi sans course, donc cette chute-l\u00e0 ce n\u2019\u00e9tait pas grand-chose. (Cap cette ann\u00e9e) Je ne pensais pas autant, je savais que j\u2019avais les capacit\u00e9s de faire \u00e7a sur les courses longues comme les Classiques ardennaises et les course d\u2019un jour, mais le faire c\u2019est autre chose. Je suis content de \u00e7a. J\u2019ai envie de finir ce premier Tour de France, \u00e7a va me servir d\u2019exp\u00e9rience. Peut-\u00eatre qu\u2019un jour je serai bien et je ferai quelque chose. Le Tour c\u2019est beaucoup de public, de stress dans le peloton c\u2019est tr\u00e8s nerveux je n\u2019ai jamais vu \u00e7a. C\u2019est ce qui me surprend le plus. Surtout la premi\u00e8re semaine c\u2019\u00e9tait beaucoup de stress pour rien.\u00a0\u00bb<\/p>\n","protected":false},"excerpt":{"rendered":"Tim Wellens (UAE Team Emirates), vainqueur de la 15e \u00e9tape \u00ab\u00a0Avant le Tour de France, je n\u2019avais jamais&hellip;\n","protected":false},"author":2,"featured_media":261743,"comment_status":"","ping_status":"","sticky":false,"template":"","format":"standard","meta":{"footnotes":""},"categories":[1411],"tags":[1154,207,107,1011,27,12369,517,1947,60,210],"class_list":{"0":"post-261742","1":"post","2":"type-post","3":"status-publish","4":"format-standard","5":"has-post-thumbnail","7":"category-cyclisme","8":"tag-cycling","9":"tag-cyclisme","10":"tag-fil-info","11":"tag-fr","12":"tag-france","13":"tag-la-course","14":"tag-sport","15":"tag-sport-national","16":"tag-sports","17":"tag-tour-de-france"},"share_on_mastodon":{"url":"https:\/\/pubeurope.com\/@fr\/114887173335269099","error":""},"_links":{"self":[{"href":"https:\/\/www.europesays.com\/fr\/wp-json\/wp\/v2\/posts\/261742","targetHints":{"allow":["GET"]}}],"collection":[{"href":"https:\/\/www.europesays.com\/fr\/wp-json\/wp\/v2\/posts"}],"about":[{"href":"https:\/\/www.europesays.com\/fr\/wp-json\/wp\/v2\/types\/post"}],"author":[{"embeddable":true,"href":"https:\/\/www.europesays.com\/fr\/wp-json\/wp\/v2\/users\/2"}],"replies":[{"embeddable":true,"href":"https:\/\/www.europesays.com\/fr\/wp-json\/wp\/v2\/comments?post=261742"}],"version-history":[{"count":0,"href":"https:\/\/www.europesays.com\/fr\/wp-json\/wp\/v2\/posts\/261742\/revisions"}],"wp:featuredmedia":[{"embeddable":true,"href":"https:\/\/www.europesays.com\/fr\/wp-json\/wp\/v2\/media\/261743"}],"wp:attachment":[{"href":"https:\/\/www.europesays.com\/fr\/wp-json\/wp\/v2\/media?parent=261742"}],"wp:term":[{"taxonomy":"category","embeddable":true,"href":"https:\/\/www.europesays.com\/fr\/wp-json\/wp\/v2\/categories?post=261742"},{"taxonomy":"post_tag","embeddable":true,"href":"https:\/\/www.europesays.com\/fr\/wp-json\/wp\/v2\/tags?post=261742"}],"curies":[{"name":"wp","href":"https:\/\/api.w.org\/{rel}","templated":true}]}}