{"id":261746,"date":"2025-07-20T19:19:17","date_gmt":"2025-07-20T19:19:17","guid":{"rendered":"https:\/\/www.europesays.com\/fr\/261746\/"},"modified":"2025-07-20T19:19:17","modified_gmt":"2025-07-20T19:19:17","slug":"jean-paul-belmondo-ces-emouvantes-photos-de-lacteur-lors-du-mariage-de-sa-fille-patricia-morte-tragiquement","status":"publish","type":"post","link":"https:\/\/www.europesays.com\/fr\/261746\/","title":{"rendered":"Jean-Paul Belmondo : ces \u00e9mouvantes photos de l&rsquo;acteur lors du mariage de sa fille Patricia, morte tragiquement"},"content":{"rendered":"<p><strong>V\u00e9ritable monstre sacr\u00e9 du cin\u00e9ma fran\u00e7ais<\/strong>. Au<br \/>\nm\u00eame titre que son ami Alain Delon. <a href=\"https:\/\/www.closermag.fr\/people\/jean-paul-belmondo-est-mort-a-l-age-de-88-ans-1391883\" target=\"_blank\" rel=\"noopener\"><br \/>\nJean-Paul Belmondo<\/a> est malheureusement mort<br \/>\nle\u00a06 septembre 2021. Au sein<br \/>\nde\u00a0son domicile situ\u00e9 au 39 quai<br \/>\nd&rsquo;Orsay\u00a0dans le\u00a07e arrondissement de Paris. Il \u00e9tait alors \u00e2g\u00e9 de<br \/>\n88 ans. Trois jours plus tard, un\u00a0hommage national lui a \u00e9t\u00e9<br \/>\nrendu dans la cour des\u00a0Invalides. En pr\u00e9sence de personnalit\u00e9s<br \/>\npolitiques et du monde du spectacle.<\/p>\n<p>Son cercueil fut expos\u00e9 aux Invalides pour que le public puisse<br \/>\nvenir lui rendre hommage. Les obs\u00e8ques de Jean-Paul Belmondo se<br \/>\nsont finalement d\u00e9roul\u00e9es le 10 septembre 2021 <strong>\u00e0 l&rsquo;\u00e9glise<br \/>\nSaint-Germain-des-Pr\u00e9s de Paris<\/strong>. En pr\u00e9sence de ses<br \/>\nproches et de sa famille. Ses cendres furent par la suite<br \/>\ndispers\u00e9es dans le jardin de sa maison d&rsquo;enfance \u00e0 Piriac-sur-Mer.<br \/>\nSitu\u00e9e dans le d\u00e9partement de la Loire-Atlantique.<\/p>\n<p>Jean-Paul Belmondo : le mariage de sa fille a\u00een\u00e9e a attir\u00e9<br \/>\nplusieurs vedettes<\/p>\n<p>Au cours de son existence, Jean-Paul Belmondo a donn\u00e9 naissance<br \/>\n\u00e0 <a href=\"https:\/\/www.closermag.fr\/people\/jean-paul-belmondo-ses-trois-enfants-se-dechirent-autour-de-son-heritage-pres-de-4-ans-apres-sa-mort-3565359\" target=\"_blank\" rel=\"noopener\"><br \/>\nquatre enfants<\/a>. Il y a tout d&rsquo;abord eu <a href=\"https:\/\/www.closermag.fr\/people\/jean-paul-belmondo-sa-fille-patricia-morte-dans-un-accident-effondre-mais-en-meme-temps-3549039\" target=\"_blank\" rel=\"noopener\"><br \/>\nPatricia Belmondo<\/a> (1953). Puis Florence Belmondo (1960), mais<br \/>\naussi <a href=\"https:\/\/www.closermag.fr\/people\/luana-belmondo-meconnaissable-ses-confessions-sur-les-decisions-quelle-a-prises-depuis-son-divorce-avec-paul-belmondo-3565408\" target=\"_blank\" rel=\"noopener\"><br \/>\nPaul Belmondo<\/a> (1963). Ces derniers sont tous le fruit le<br \/>\nl&rsquo;union entre le com\u00e9dien et <strong>sa premi\u00e8re \u00e9pouse Ren\u00e9e<br \/>\nConstant<\/strong>. Plus connue sous le pseudonyme d&rsquo;\u00c9lodie<br \/>\nConstantin. En 1986, la fille a\u00een\u00e9e de l&rsquo;acteur s&rsquo;est mari\u00e9e au<br \/>\ncours d&rsquo;une c\u00e9r\u00e9monie \u00e0 laquelle plusieurs vedettes \u00e9taient<br \/>\nconvi\u00e9es.<\/p>\n<p>Ce jour-l\u00e0, <strong>Jean-Paul Belmondo a c\u00e9l\u00e9br\u00e9 le mariage de<br \/>\nPatricia Belmondo<\/strong> aux c\u00f4t\u00e9s de <a href=\"https:\/\/www.closermag.fr\/people\/johnny-hallyday-essayons-de-nous-voir-sept-ans-apres-sa-mort-il-continue-denvoyer-des-messages-3565333\" target=\"_blank\" rel=\"noopener\"><br \/>\nJohnny Hallyday<\/a>, Paul Pr\u00e9boist. Mais aussi G\u00e9rard Oury. Bien<br \/>\n\u00e9videmment, p\u00e8re et fille ont dans\u00e9 ensemble durant cette<br \/>\nc\u00e9r\u00e9monie. Malheureusement pour la star du cin\u00e9ma fran\u00e7ais. Son<br \/>\npremier enfant va dispara\u00eetre de fa\u00e7on pr\u00e9matur\u00e9 \u00e0 la suite d&rsquo;un<br \/>\nterrible drame.<\/p>\n<p>Patricia Belmondo est morte dans<br \/>\nl&rsquo;incendie de son appartement \u00e0 Paris en 1993<\/p>\n<p>En effet, Patricia Belmondo est malheureusement <strong>d\u00e9c\u00e9d\u00e9e<br \/>\n\u00e0 l&rsquo;\u00e2ge de seulement 40 ans<\/strong>\u00a0le\u00a031<br \/>\noctobre 1993. Ce jour-l\u00e0, la fille a\u00een\u00e9e de Jean-Paul Belmondo fut<br \/>\nprise au pi\u00e8ge dans un incendie qui s&rsquo;\u00e9tait d\u00e9clar\u00e9 au sein de son<br \/>\nappartement parisien de la rue de Rennes. Le com\u00e9dien jouait quant<br \/>\n\u00e0 lui la pi\u00e8ce intitul\u00e9e Tailleur pour dames au<br \/>\nth\u00e9\u00e2tre lorsque cette trag\u00e9die a eu lieu.<\/p>\n<p>Depuis son d\u00e9c\u00e8s, le corps de Patricia Belmondo repose dans la<br \/>\n4e division du cimeti\u00e8re Montparnasse \u00e0 Paris. Outre les trois<br \/>\nenfants qu&rsquo;il a eu avec sa premi\u00e8re femme. Jean-Paul Belmondo a<br \/>\n\u00e9galement mis au monde <strong>une fille baptis\u00e9e Stella en<br \/>\n2003<\/strong>. Cette derni\u00e8re est le fruit de l&rsquo;union entre<br \/>\nl&rsquo;acteur et Natty. Une<br \/>\nancienne\u00a0coco-girl\u00a0de\u00a0<a href=\"https:\/\/www.telestar.fr\/people\/pour-stephane-collaro-la-tele-actuelle-manque-beaucoup-d-originalite-326758\" target=\"_blank\" rel=\"noopener\">St\u00e9phane<br \/>\nCollaro<\/a>.<\/p>\n<p>Diaporama<br \/>\n<img decoding=\"async\" class=\"diapo_img img-responsive lazy-load\" loading=\"lazy\" src=\"https:\/\/www.europesays.com\/fr\/wp-content\/uploads\/2025\/07\/bestimage_00010777_000005-e1753024755139.jpg\"\/><\/p>\n<p>Bestimage<\/p>\n<p>1\/8 Jean-Paul Belmondo et sa fille a\u00een\u00e9e<br \/>\nPatricia<\/p>\n<p>Jean-Paul Belmondo au mariage de sa fille a\u00een\u00e9e Patricia en<br \/>\n1986.<\/p>\n<p><img decoding=\"async\" class=\"diapo_img img-responsive lazy-load\" loading=\"lazy\" src=\"https:\/\/www.europesays.com\/fr\/wp-content\/uploads\/2025\/07\/bestimage_00010777_000003.jpg\"\/><\/p>\n<p>Bestimage<\/p>\n<p>2\/8 Jean-Paul Belmondo et sa fille a\u00een\u00e9e<br \/>\nPatricia<\/p>\n<p>Jean-Paul Belmondo au mariage de sa fille a\u00een\u00e9e Patricia avec<br \/>\nG\u00e9rard Oury en 1986.<\/p>\n<p><img decoding=\"async\" class=\"diapo_img img-responsive lazy-load\" loading=\"lazy\" src=\"https:\/\/www.europesays.com\/fr\/wp-content\/uploads\/2025\/07\/bestimage_00010777_000006.jpg\"\/><\/p>\n<p>Bestimage<\/p>\n<p>3\/8 Jean-Paul Belmondo et Johnny<br \/>\nHallyday<\/p>\n<p>Jean-Paul Belmondo au mariage de sa fille a\u00een\u00e9e Patricia avec<br \/>\nJohnny Hallyday en 1986.<\/p>\n<p><img decoding=\"async\" class=\"diapo_img img-responsive lazy-load\" loading=\"lazy\" src=\"https:\/\/www.europesays.com\/fr\/wp-content\/uploads\/2025\/07\/bestimage_00010777_000015.jpg\"\/><\/p>\n<p>Bestimage<\/p>\n<p>4\/8 Jean-Paul Belmondo et Johnny<br \/>\nHallyday<\/p>\n<p>Jean-Paul Belmondo au mariage de sa fille a\u00een\u00e9e Patricia avec<br \/>\nPaul Pr\u00e9boist en 1986.<\/p>\n<p><img decoding=\"async\" class=\"diapo_img img-responsive lazy-load\" loading=\"lazy\" src=\"https:\/\/www.europesays.com\/fr\/wp-content\/uploads\/2025\/07\/bestimage_00010777_000016.jpg\"\/><\/p>\n<p>Bestimage<\/p>\n<p>5\/8 Jean-Paul Belmondo et Johnny<br \/>\nHallyday<\/p>\n<p>Jean-Paul Belmondo au mariage de sa fille a\u00een\u00e9e Patricia avec<br \/>\nJohnny Hallyday en 1986.<\/p>\n<p><img decoding=\"async\" class=\"diapo_img img-responsive lazy-load\" loading=\"lazy\" src=\"https:\/\/www.europesays.com\/fr\/wp-content\/uploads\/2025\/07\/bestimage_00010777_000017.jpg\"\/><\/p>\n<p>Bestimage<\/p>\n<p>6\/8 Jean-Paul Belmondo et Johnny<br \/>\nHallyday<\/p>\n<p>Jean-Paul Belmondo au mariage de sa fille a\u00een\u00e9e Patricia en<br \/>\n1986.<\/p>\n<p><img decoding=\"async\" class=\"diapo_img img-responsive lazy-load\" loading=\"lazy\" src=\"https:\/\/www.europesays.com\/fr\/wp-content\/uploads\/2025\/07\/bestimage_00010777_000019.jpg\"\/><\/p>\n<p>Bestimage<\/p>\n<p>7\/8 Jean-Paul Belmondo et Johnny<br \/>\nHallyday<\/p>\n<p>Jean-Paul Belmondo au mariage de sa fille a\u00een\u00e9e Patricia avec<br \/>\nPaul Pr\u00e9boist en 1986.<\/p>\n<p><img decoding=\"async\" class=\"diapo_img img-responsive lazy-load\" loading=\"lazy\" src=\"https:\/\/www.europesays.com\/fr\/wp-content\/uploads\/2025\/07\/bestimage_00010777_000023.jpg\"\/><\/p>\n<p>Bestimage<\/p>\n<p>8\/8 Jean-Paul Belmondo enflamme la piste de<br \/>\ndanse<\/p>\n<p>Jean-Paul Belmondo au mariage de sa fille a\u00een\u00e9e Patricia en<br \/>\n1986.<\/p>\n","protected":false},"excerpt":{"rendered":"V\u00e9ritable monstre sacr\u00e9 du cin\u00e9ma fran\u00e7ais. Au m\u00eame titre que son ami Alain Delon. Jean-Paul Belmondo est malheureusement&hellip;\n","protected":false},"author":2,"featured_media":261747,"comment_status":"","ping_status":"","sticky":false,"template":"","format":"standard","meta":{"footnotes":""},"categories":[1359],"tags":[58,59,1011,27,1638,24532,973],"class_list":{"0":"post-261746","1":"post","2":"type-post","3":"status-publish","4":"format-standard","5":"has-post-thumbnail","7":"category-people","8":"tag-divertissement","9":"tag-entertainment","10":"tag-fr","11":"tag-france","12":"tag-has_diapo","13":"tag-jean-paul-belmondo","14":"tag-people"},"share_on_mastodon":{"url":"https:\/\/pubeurope.com\/@fr\/114887181426098682","error":""},"_links":{"self":[{"href":"https:\/\/www.europesays.com\/fr\/wp-json\/wp\/v2\/posts\/261746","targetHints":{"allow":["GET"]}}],"collection":[{"href":"https:\/\/www.europesays.com\/fr\/wp-json\/wp\/v2\/posts"}],"about":[{"href":"https:\/\/www.europesays.com\/fr\/wp-json\/wp\/v2\/types\/post"}],"author":[{"embeddable":true,"href":"https:\/\/www.europesays.com\/fr\/wp-json\/wp\/v2\/users\/2"}],"replies":[{"embeddable":true,"href":"https:\/\/www.europesays.com\/fr\/wp-json\/wp\/v2\/comments?post=261746"}],"version-history":[{"count":0,"href":"https:\/\/www.europesays.com\/fr\/wp-json\/wp\/v2\/posts\/261746\/revisions"}],"wp:featuredmedia":[{"embeddable":true,"href":"https:\/\/www.europesays.com\/fr\/wp-json\/wp\/v2\/media\/261747"}],"wp:attachment":[{"href":"https:\/\/www.europesays.com\/fr\/wp-json\/wp\/v2\/media?parent=261746"}],"wp:term":[{"taxonomy":"category","embeddable":true,"href":"https:\/\/www.europesays.com\/fr\/wp-json\/wp\/v2\/categories?post=261746"},{"taxonomy":"post_tag","embeddable":true,"href":"https:\/\/www.europesays.com\/fr\/wp-json\/wp\/v2\/tags?post=261746"}],"curies":[{"name":"wp","href":"https:\/\/api.w.org\/{rel}","templated":true}]}}