{"id":261748,"date":"2025-07-20T19:21:10","date_gmt":"2025-07-20T19:21:10","guid":{"rendered":"https:\/\/www.europesays.com\/fr\/261748\/"},"modified":"2025-07-20T19:21:10","modified_gmt":"2025-07-20T19:21:10","slug":"un-superbe-livre-pour-un-voyage-au-coeur-du-village-de-saissac","status":"publish","type":"post","link":"https:\/\/www.europesays.com\/fr\/261748\/","title":{"rendered":"Un superbe livre pour un voyage au c\u0153ur du village de Saissac"},"content":{"rendered":"<p>Ce vendredi 18 juillet, autour du ch\u00e2teau, de nombreux visiteurs ont pu d\u00e9couvrir l\u2019ouvrage r\u00e9alis\u00e9 par Nathalie Nahoum, Paul Palau et Marie-Elise Gardel. De ce trio est n\u00e9 ce troisi\u00e8me livre, d\u2019un format atypique, qui nous fait voyager au c\u0153ur du village et de ses alentours.<\/p>\n<p>C\u2019est au cours d\u2019une rencontre fortuite, un matin, pour photographier la brume nich\u00e9e au creux des vallons qu\u2019\u00c9ric B\u00e9teille, maire de la commune, et Paul Palau se sont rencontr\u00e9s, le projet a demand\u00e9 2 ans d\u2019\u00e9laboration.<\/p>\n<p>Tir\u00e9 \u00e0 600 exemplaires, la commune en a acquis 200.<\/p>\n<p>Un film, sur le projet, que vous pourrez voir ou revoir au festival d\u2019Arfons <b>\u00e0 partir du 26 juillet<\/b>, une conf\u00e9rence et des troubadours ont agr\u00e9ment\u00e9 la soir\u00e9e.<\/p>\n<p>Vous trouverez ce superbe livre \u00e0 l\u2019\u00e9picerie des Tours, et aussi \u00e0 la boutique du ch\u00e2teau ou encore en contactant Nathalie Nahoum au 06 30 26 81 63.<\/p>\n","protected":false},"excerpt":{"rendered":"Ce vendredi 18 juillet, autour du ch\u00e2teau, de nombreux visiteurs ont pu d\u00e9couvrir l\u2019ouvrage r\u00e9alis\u00e9 par Nathalie Nahoum,&hellip;\n","protected":false},"author":2,"featured_media":261749,"comment_status":"","ping_status":"","sticky":false,"template":"","format":"standard","meta":{"footnotes":""},"categories":[1357],"tags":[1379,58,59,1011,27,1380],"class_list":{"0":"post-261748","1":"post","2":"type-post","3":"status-publish","4":"format-standard","5":"has-post-thumbnail","7":"category-livres","8":"tag-books","9":"tag-divertissement","10":"tag-entertainment","11":"tag-fr","12":"tag-france","13":"tag-livres"},"share_on_mastodon":{"url":"https:\/\/pubeurope.com\/@fr\/114887189055697530","error":""},"_links":{"self":[{"href":"https:\/\/www.europesays.com\/fr\/wp-json\/wp\/v2\/posts\/261748","targetHints":{"allow":["GET"]}}],"collection":[{"href":"https:\/\/www.europesays.com\/fr\/wp-json\/wp\/v2\/posts"}],"about":[{"href":"https:\/\/www.europesays.com\/fr\/wp-json\/wp\/v2\/types\/post"}],"author":[{"embeddable":true,"href":"https:\/\/www.europesays.com\/fr\/wp-json\/wp\/v2\/users\/2"}],"replies":[{"embeddable":true,"href":"https:\/\/www.europesays.com\/fr\/wp-json\/wp\/v2\/comments?post=261748"}],"version-history":[{"count":0,"href":"https:\/\/www.europesays.com\/fr\/wp-json\/wp\/v2\/posts\/261748\/revisions"}],"wp:featuredmedia":[{"embeddable":true,"href":"https:\/\/www.europesays.com\/fr\/wp-json\/wp\/v2\/media\/261749"}],"wp:attachment":[{"href":"https:\/\/www.europesays.com\/fr\/wp-json\/wp\/v2\/media?parent=261748"}],"wp:term":[{"taxonomy":"category","embeddable":true,"href":"https:\/\/www.europesays.com\/fr\/wp-json\/wp\/v2\/categories?post=261748"},{"taxonomy":"post_tag","embeddable":true,"href":"https:\/\/www.europesays.com\/fr\/wp-json\/wp\/v2\/tags?post=261748"}],"curies":[{"name":"wp","href":"https:\/\/api.w.org\/{rel}","templated":true}]}}