{"id":26175,"date":"2025-04-15T08:22:46","date_gmt":"2025-04-15T08:22:46","guid":{"rendered":"https:\/\/www.europesays.com\/fr\/26175\/"},"modified":"2025-04-15T08:22:46","modified_gmt":"2025-04-15T08:22:46","slug":"lyon-fonce-vers-le-podium-1-3","status":"publish","type":"post","link":"https:\/\/www.europesays.com\/fr\/26175\/","title":{"rendered":"Lyon fonce vers le podium (1-3)"},"content":{"rendered":"<p itemprop=\"description\"><strong>Ce dimanche soir, l&rsquo;Olympique Lyonnais a r\u00e9alis\u00e9 une belle prestation \u00e0 Auxerre. La victoire (1-3) permet aux co\u00e9quipiers de Nemanja Matic de se rapprocher du podium.<\/strong><\/p>\n<p><strong>Paulo Fonseca<\/strong> avait choisi de faire souffler ses d\u00e9fenseurs, seul <strong>Moussa Niakhat\u00e9<\/strong> \u00e9tait titularis\u00e9 aux c\u00f4t\u00e9s de<strong> Duje Caleta-Car<\/strong>, <strong>Abner<\/strong> et <strong>Sa\u00ebl Kumbedi<\/strong>.<\/p>\n<p>Sur le terrain, Lyon peinait \u00e0 se cr\u00e9er des occasions franches en premi\u00e8re p\u00e9riode face \u00e0 des Auxerrois bien regroup\u00e9s derri\u00e8re.<\/p>\n<p><strong>Alexandre Lacazette<\/strong> lui se montrait toujours aussi maladroit devant le but. Comme sur cette \u00e9norme occasion \u00e0 la 25e minute o\u00f9 il ratait son piqu\u00e9 sur le gardien avant d&rsquo;\u00e9chouer face au but vide en tirant sur le poteau\u2026 Ou ce duel perdu \u00e0 la 32e sur une contre-attaque \u00e9clair men\u00e9e par <strong>Rayan Cherki<\/strong>.<\/p>\n<p>De la lucidit\u00e9, <strong>Georges Mikautadze<\/strong> en avait beaucoup plus \u00e0 la 50e minute. Lanc\u00e9 dans la profondeur par <strong>Corentin Tolisso<\/strong>, le G\u00e9orgien se faisait accrocher par <strong>Donovan L\u00e9on<\/strong> et obtenait un penalty qu&rsquo;il transformait en force (0-1).<\/p>\n<p>L&rsquo;OL jouait de mieux en mieux et le deuxi\u00e8me but sign\u00e9 Rayan Cherki \u00e0 la 62e minute est un petit bijou. Sa\u00ebl Kumbedi jouait bien le coup en remettant \u00e0 Corentin Tolisso, le champion du monde 2018 laissait le ballon \u00e0 Cherki qui enroulait sa frappe dans la lucarne oppos\u00e9e (0-2).<\/p>\n<blockquote class=\"twitter-tweet\"><p>&#13;<\/p>\n<p dir=\"ltr\" lang=\"fr\">\ud83d\udca5 | Rayan Cherki double la mise pour l\u2019Olympique Lyonnais ! \ud83e\udd29\ud83d\ude4c <a href=\"https:\/\/twitter.com\/hashtag\/AJAOL?src=hash&amp;ref_src=twsrc%5Etfw\" target=\"_blank\" rel=\"noopener\">#AJAOL<\/a><\/p>\n<p>\ud83d\udc49 Suivez la rencontre ici : <a href=\"https:\/\/t.co\/uHnUbT4jNE\">https:\/\/t.co\/uHnUbT4jNE<\/a>\u2026 <a href=\"https:\/\/t.co\/Ox4GKuEI4v\">pic.twitter.com\/Ox4GKuEI4v<\/a><\/p>\n<p>&#13;<br \/>\n\u2014 DAZN France (@DAZN_FR) <a href=\"https:\/\/twitter.com\/DAZN_FR\/status\/1911511612034326774?ref_src=twsrc%5Etfw\" target=\"_blank\" rel=\"noopener\">April 13, 2025<\/a><\/p><\/blockquote>\n<p>Auxerre r\u00e9duisait l&rsquo;\u00e9cart gr\u00e2ce \u00e0 l&rsquo;apathie d\u00e9fensive lyonnaise. A la 77e, <strong>Lassine Sinayoko<\/strong> d\u00e9crochait un missile que <strong>Lucas Perri<\/strong> ne pouvait \u00e9carter (1-2).<\/p>\n<p>Mais l&rsquo;espoir bourguignon \u00e9tait de courte dur\u00e9e. Si mauvais ce soir, Alexandre Lacazette se faisait pardonner en marquant \u00e0 bout portant \u00e0 la 84e, sur un caviar offert par Mikautadze (1-3).<\/p>\n<p>Au classement, c&rsquo;\u00e9tait \u00e9videmment l&rsquo;op\u00e9ration id\u00e9ale. La victoire permet \u00e0 l&rsquo;OL de remonter \u00e0 la 4e place, avec un point de retard sur le 3e Marseille et un point d&rsquo;avance sur Lille et Strasbourg. Autant dire qu&rsquo;une victoire \u00e0 Saint-Etienne dimanche prochain est indispensable. Mais avant cela, il faudra se rendre \u00e0 Old Trafford pour affronter Manchester United jeudi.<\/p>\n<p><strong>AJ Auxerre-Olympique Lyonnais\u00a0 1-3 (0-0)<\/strong><br \/>&#13;<br \/>\n<strong>Avertissements<\/strong> : Almada (58&prime;) pour Lyon<br \/>&#13;<br \/>\n<strong>Buts <\/strong>: Mikautadze (54&prime;), Cherki (62&prime;) et Lacazette (84&prime;) pour Lyon. Sinayoko (77&prime;) pour Auxerre<\/p>\n<p>\t\t  <script async src=\"https:\/\/platform.twitter.com\/widgets.js\" charset=\"utf-8\"><\/script><\/p>\n","protected":false},"excerpt":{"rendered":"Ce dimanche soir, l&rsquo;Olympique Lyonnais a r\u00e9alis\u00e9 une belle prestation \u00e0 Auxerre. La victoire (1-3) permet aux co\u00e9quipiers&hellip;\n","protected":false},"author":2,"featured_media":26176,"comment_status":"","ping_status":"","sticky":false,"template":"","format":"standard","meta":{"footnotes":""},"categories":[1889],"tags":[1111,11,2813,2430,1109,1112,1777,674,2257,1011,27,1922,1110,1114,2428,2851,12,241,25,517],"class_list":{"0":"post-26175","1":"post","2":"type-post","3":"status-publish","4":"format-standard","5":"has-post-thumbnail","7":"category-lyon","8":"tag-actu","9":"tag-actualites","10":"tag-article","11":"tag-auvergne-rhone-alpes","12":"tag-breves","13":"tag-depeches","14":"tag-eu","15":"tag-europe","16":"tag-foot","17":"tag-fr","18":"tag-france","19":"tag-info","20":"tag-informations","21":"tag-infos","22":"tag-lyon","23":"tag-lyonfoot","24":"tag-news","25":"tag-ol","26":"tag-republique-francaise","27":"tag-sport"},"share_on_mastodon":{"url":"https:\/\/pubeurope.com\/@fr\/114341015940947007","error":""},"_links":{"self":[{"href":"https:\/\/www.europesays.com\/fr\/wp-json\/wp\/v2\/posts\/26175","targetHints":{"allow":["GET"]}}],"collection":[{"href":"https:\/\/www.europesays.com\/fr\/wp-json\/wp\/v2\/posts"}],"about":[{"href":"https:\/\/www.europesays.com\/fr\/wp-json\/wp\/v2\/types\/post"}],"author":[{"embeddable":true,"href":"https:\/\/www.europesays.com\/fr\/wp-json\/wp\/v2\/users\/2"}],"replies":[{"embeddable":true,"href":"https:\/\/www.europesays.com\/fr\/wp-json\/wp\/v2\/comments?post=26175"}],"version-history":[{"count":0,"href":"https:\/\/www.europesays.com\/fr\/wp-json\/wp\/v2\/posts\/26175\/revisions"}],"wp:featuredmedia":[{"embeddable":true,"href":"https:\/\/www.europesays.com\/fr\/wp-json\/wp\/v2\/media\/26176"}],"wp:attachment":[{"href":"https:\/\/www.europesays.com\/fr\/wp-json\/wp\/v2\/media?parent=26175"}],"wp:term":[{"taxonomy":"category","embeddable":true,"href":"https:\/\/www.europesays.com\/fr\/wp-json\/wp\/v2\/categories?post=26175"},{"taxonomy":"post_tag","embeddable":true,"href":"https:\/\/www.europesays.com\/fr\/wp-json\/wp\/v2\/tags?post=26175"}],"curies":[{"name":"wp","href":"https:\/\/api.w.org\/{rel}","templated":true}]}}