{"id":261750,"date":"2025-07-20T19:22:17","date_gmt":"2025-07-20T19:22:17","guid":{"rendered":"https:\/\/www.europesays.com\/fr\/261750\/"},"modified":"2025-07-20T19:22:17","modified_gmt":"2025-07-20T19:22:17","slug":"faut-il-regarder-la-serie-sur-le-tueur-en-serie-charles-sobhraj-diffusee-ce-lundi-21-juillet-2025-notre-avis","status":"publish","type":"post","link":"https:\/\/www.europesays.com\/fr\/261750\/","title":{"rendered":"Faut-il regarder la s\u00e9rie sur le tueur en s\u00e9rie Charles Sobhraj diffus\u00e9e ce lundi 21 juillet 2025 ? Notre avis"},"content":{"rendered":"<p>Quatre ans apr\u00e8s qu&rsquo;elle ait fascin\u00e9 les abonn\u00e9s Netflix, France 2 diffuse, ce lundi 20 juillet 2025 \u00e0 21h10 et pour la premi\u00e8re fois \u00e0 la t\u00e9l\u00e9vision, la s\u00e9rie <b>Le Serpent<\/b>. Cette fiction en dix \u00e9pisodes, qui plonge le spectateur dans l\u2019atmosph\u00e8re moite et psych\u00e9d\u00e9lique de l\u2019Inde des ann\u00e9es 1970, retrace l\u2019incroyable parcours de <b>Charles Sobhraj<\/b> camp\u00e9 par un <a href=\"https:\/\/www.programme-tv.net\/biographie\/65734-rahim-tahar\/\" data-api-deeplink=\"teleloisirs:\/\/person\/65734\" target=\"_blank\" rel=\"noopener\"><b>Tahar Rahim<\/b><\/a><b> <\/b><a href=\"https:\/\/www.programme-tv.net\/news\/series-tv\/272738-le-serpent-netflix-tahar-rahim-meconnaissable-dans-la-peau-du-tueur-en-serie-charles-sobhraj-photo\/\" data-api-deeplink=\"teleloisirs:\/\/news\/272738\" target=\"_blank\" rel=\"noopener\"><b>m\u00e9connaissable <\/b>dans le r\u00f4le de ce tueur s\u00e9ducteur, roi de l\u2019\u00e9vasion et sp\u00e9cialiste des poisons<\/a>. Aff\u00fbt\u00e9, le corps moul\u00e9 dans des pantalons pattes d&rsquo;Eph, des chemises ouvertes laissant deviner d\u2019impressionnantes tablettes de chocolat et le regard scrutateur dissimul\u00e9 derri\u00e8re d\u2019imposantes lunettes de soleil, <b>Tahar Rahim <\/b>livre une prestation physique et magn\u00e9tique, <a href=\"https:\/\/www.programme-tv.net\/news\/cinema\/267182-jai-peur-de-toi-tahar-rahim-meconnaissable-leila-bekhti-nen-revient-pas-photo\/\" data-api-deeplink=\"teleloisirs:\/\/news\/267182\" target=\"_blank\" rel=\"noopener\">si intense qu\u2019il en a effray\u00e9 sa compagne dans la vie, Le\u00efla Bekhti<\/a>.<\/p>\n<p>                        Le Serpent : Tahar Rahim m\u00e9connaissable et bluffant dans la s\u00e9rie diffus\u00e9e ce lundi 20 juillet sur France 2<\/p>\n<p>Magn\u00e9tique, avare de dialogues,<b> Tahar Rahim <\/b>attire le regard et parvient \u00e0 exprimer, \u00e0 travers sa gestuelle, le ton particulier de sa voix et son regard per\u00e7ant, le c\u00f4t\u00e9 animal de ce tueur instinctif et manipulateur qui, aid\u00e9 de son ami et complice et de ses petites amies, aurait assassin\u00e9 une quinzaine de touristes afin d\u2019usurper leurs identit\u00e9s. En pr\u00eatant ses traits au criminel, lib\u00e9r\u00e9 apr\u00e8s 40 ans de prison en d\u00e9cembre 2022 pour des raisons m\u00e9dicales, <b>Tahar Rahim <\/b>r\u00e9alise un r\u00eave de gosse. \u00c0 seize ans, alors qu\u2019il r\u00eavait d\u2019\u00eatre acteur, il avait lu La Trace du serpent de Thomas Thompson sur Charles Sobhraj. Marqu\u00e9 par ce tueur charismatique, il esp\u00e9rait pouvoir un jour l\u2019incarner \u00e0 l\u2019\u00e9cran. Voil\u00e0 chose faite. Avec brio. La s\u00e9rie doit beaucoup \u00e0 l\u2019intensit\u00e9 de son interpr\u00e9tation. Par opposition \u00e0 son sang-froid, <a href=\"https:\/\/www.programme-tv.net\/biographie\/248439-coleman-jenna\/\" data-api-deeplink=\"teleloisirs:\/\/person\/248439\" target=\"_blank\" rel=\"noopener\">Jenna Coleman<\/a>, l&rsquo;actrice anglaise <a href=\"https:\/\/www.programme-tv.net\/news\/series-tv\/268119-the-cry-salto-un-drame-pour-jenna-coleman-lactrice-anglaise-quon-adore\/\" data-api-deeplink=\"teleloisirs:\/\/news\/268119\" target=\"_blank\" rel=\"noopener\">qu&rsquo;on adorait dans Doctor Who<\/a>, qui incarne sa petite amie Marie-Andr\u00e9e Leclerc, joue sur l&rsquo;ambigu\u00eft\u00e9 de son personnage. Tour \u00e0 tour effarouch\u00e9e, femme fatale ou au bord de la crise de nerfs et fumant cigarette sur cigarette avec le regard d\u2019une b\u00eate traqu\u00e9e, elle transmet son angoisse au spectateur.<\/p>\n<p>            Le Serpent : Un thriller d&rsquo;atmosph\u00e8re qui multiplie les registres<\/p>\n<p>Les acteurs jouent tous sur des registres diff\u00e9rents. <b>Herman Knippenberg<\/b> (<a href=\"https:\/\/www.programme-tv.net\/biographie\/285683-howle-billy\/\" data-api-deeplink=\"teleloisirs:\/\/person\/285683\" target=\"_blank\" rel=\"noopener\">Billy Howle<\/a>, vu r\u00e9cemment dans Un couple parfait), le jeune diplomate obs\u00e9d\u00e9 par Charles Sobhraj est, lui, dans l\u2019exc\u00e8s. Il vocif\u00e8re, transpire, tremble, a les cheveux en bataille et les yeux hagards. Quant au fid\u00e8le complice de Sobrahj, <b>Remi Gires<\/b> (<b>Gr\u00e9goire Isvarine<\/b>), il est tout simplement effrayant. Son incons\u00e9quence, sa vulgarit\u00e9, son aspect impr\u00e9visible et la passion perverse qu\u2019il voue \u00e0 son mentor Sobrahj fait froid dans le dos. L&rsquo;une des surprises inattendues de la s\u00e9rie vient de l\u2019un de ses personnages secondaires. Celui de Teresa Knowlton, une ressortissante am\u00e9ricaine, passant sa derni\u00e8re nuit en Inde avant de rejoindre un monast\u00e8re, et future victime de Sobrahj. Son interpr\u00e8te Alice Englert, solaire, l\u2019incarne avec un tel naturel, qu\u2019elle devient rapidement comme un personnage familier, une amie pour laquelle on s\u2019inqui\u00e8te et dont la pr\u00e9sence hante les \u00e9pisodes, bien apr\u00e8s sa disparition.<\/p>\n<p>                        Le Serpent : Faut-il regarder la s\u00e9rie sur le tueur en s\u00e9rie Charles Sobhraj diffus\u00e9e ce lundi 21 juillet 2025 ? Notre avis<\/p>\n<p>S\u2019il faut le temps d\u2019un ou deux \u00e9pisodes pour s\u2019impr\u00e9gner de son atmosph\u00e8re venimeuse, <b>Le Serpent <\/b>passionne. Si la s\u00e9rie comporte quelques faiblesses, dont certaines longueurs ou des interpr\u00e9tations moins r\u00e9ussies, les enjeux du r\u00e9cit sont assez fascinants. La fiction est d&rsquo;autant plus forte, lorsqu&rsquo;au g\u00e9n\u00e9rique de fin, l\u2019on d\u00e9couvre les visages et les destins des vrais protagonistes. Apr\u00e8s avoir vu leur histoire racont\u00e9e \u00e0 l&rsquo;\u00e9cran, c&rsquo;est avec \u00e9motion que l&rsquo;on d\u00e9couvre leurs photos.<\/p>\n","protected":false},"excerpt":{"rendered":"Quatre ans apr\u00e8s qu&rsquo;elle ait fascin\u00e9 les abonn\u00e9s Netflix, France 2 diffuse, ce lundi 20 juillet 2025 \u00e0&hellip;\n","protected":false},"author":2,"featured_media":261751,"comment_status":"","ping_status":"","sticky":false,"template":"","format":"standard","meta":{"footnotes":""},"categories":[1356],"tags":[2083,244,58,59,1011,27,594,40145,40147,40146,127,1721,129,16444,252,1364],"class_list":{"0":"post-261750","1":"post","2":"type-post","3":"status-publish","4":"format-standard","5":"has-post-thumbnail","7":"category-television","8":"tag-bandes-annonces","9":"tag-commentaire","10":"tag-divertissement","11":"tag-entertainment","12":"tag-fr","13":"tag-france","14":"tag-france-2","15":"tag-jenna-coleman","16":"tag-le-serpent","17":"tag-le-serpent-1099686615","18":"tag-netflix","19":"tag-su00e9rie-netflix","20":"tag-svod","21":"tag-tahar-rahim","22":"tag-television","23":"tag-tv"},"share_on_mastodon":{"url":"https:\/\/pubeurope.com\/@fr\/114887192936798294","error":""},"_links":{"self":[{"href":"https:\/\/www.europesays.com\/fr\/wp-json\/wp\/v2\/posts\/261750","targetHints":{"allow":["GET"]}}],"collection":[{"href":"https:\/\/www.europesays.com\/fr\/wp-json\/wp\/v2\/posts"}],"about":[{"href":"https:\/\/www.europesays.com\/fr\/wp-json\/wp\/v2\/types\/post"}],"author":[{"embeddable":true,"href":"https:\/\/www.europesays.com\/fr\/wp-json\/wp\/v2\/users\/2"}],"replies":[{"embeddable":true,"href":"https:\/\/www.europesays.com\/fr\/wp-json\/wp\/v2\/comments?post=261750"}],"version-history":[{"count":0,"href":"https:\/\/www.europesays.com\/fr\/wp-json\/wp\/v2\/posts\/261750\/revisions"}],"wp:featuredmedia":[{"embeddable":true,"href":"https:\/\/www.europesays.com\/fr\/wp-json\/wp\/v2\/media\/261751"}],"wp:attachment":[{"href":"https:\/\/www.europesays.com\/fr\/wp-json\/wp\/v2\/media?parent=261750"}],"wp:term":[{"taxonomy":"category","embeddable":true,"href":"https:\/\/www.europesays.com\/fr\/wp-json\/wp\/v2\/categories?post=261750"},{"taxonomy":"post_tag","embeddable":true,"href":"https:\/\/www.europesays.com\/fr\/wp-json\/wp\/v2\/tags?post=261750"}],"curies":[{"name":"wp","href":"https:\/\/api.w.org\/{rel}","templated":true}]}}