{"id":26177,"date":"2025-04-15T08:25:11","date_gmt":"2025-04-15T08:25:11","guid":{"rendered":"https:\/\/www.europesays.com\/fr\/26177\/"},"modified":"2025-04-15T08:25:11","modified_gmt":"2025-04-15T08:25:11","slug":"une-semaine-apres-la-presence-des-pompiers-toujours-necessaire","status":"publish","type":"post","link":"https:\/\/www.europesays.com\/fr\/26177\/","title":{"rendered":"une semaine apr\u00e8s, la pr\u00e9sence des pompiers toujours n\u00e9cessaire"},"content":{"rendered":"<p>            Par<br \/>\n        <strong><br \/>\n            <a href=\"https:\/\/actu.fr\/auteur\/sarah-coulet\" title=\"Consulter tous les articles de Sarah Coulet\" rel=\"nofollow noopener\" target=\"_blank\">Sarah Coulet<\/a><br \/>\n        <\/strong><\/p>\n<p>        Publi\u00e9 le<\/p>\n<p>            14 avr. 2025 \u00e0 18h04        <\/p>\n<p>Automobilistes, riverains et passants qui longent le centre de collecte de tri du Syctom, boulevard de Douaumont, qui a \u00e9t\u00e9 <a href=\"https:\/\/actu.fr\/ile-de-france\/paris_75056\/enorme-panache-de-fumee-dans-le-ciel-de-paris-un-incendie-en-cours-dans-le-17e-arrondissement_62479629.html\" rel=\"nofollow noopener\" target=\"_blank\">d\u00e9truit par les flammes<\/a>, lundi 7\u00a0avril 2025, seront peut-\u00eatre surpris de voir que les camions et les <a href=\"https:\/\/actu.fr\/tag\/brigade-de-sapeurs-pompiers-de-paris\" rel=\"nofollow noopener\" target=\"_blank\">sapeurs-pompiers de Paris<\/a> sont <strong>toujours pr\u00e9sents sur place<\/strong>, une semaine apr\u00e8s l\u2019<a href=\"https:\/\/actu.fr\/tag\/incendie\" rel=\"nofollow noopener\" target=\"_blank\">incendie<\/a> qui a ravag\u00e9 une partie des locaux.<\/p>\n<p>\u00ab\u2009D\u00e9blayer la zone\u2009\u00bb<\/p>\n<p class=\" wall-content\">Une surveillance qui a permis de localiser et d\u2019\u00e9teindre, ce lundi 14\u00a0avril 2025, un <strong>\u00ab\u2009petit foyer r\u00e9siduel\u2009\u00bb<\/strong>, a appris <a href=\"https:\/\/actu.fr\/paris\/dernieres-actus\" rel=\"nofollow noopener\" target=\"_blank\">actu Paris<\/a> aupr\u00e8s de la BSPP. Une situation qui n\u2019a rien d\u2019anormal dans ce type d\u2019incendie d\u2019entrep\u00f4t.<\/p>\n<p class=\" wall-content\">Cela fait donc sept jours que des moyens humains et du mat\u00e9riel thermique et hydraulique sont <strong>mobilis\u00e9s en permanence<\/strong> pour \u00ab\u2009d\u00e9blayer\u2009\u00bb la zone. \u00c0 l\u2019aide de pelles et de pioches, les pompiers inspectent les d\u00e9combres \u00e0 la recherche d\u2019un potentiel nouveau foyer.<\/p>\n<p class=\" wall-content\">Une <strong>proc\u00e9dure indispensable <\/strong>dans ce type de sinistre o\u00f9 la quantit\u00e9 de mati\u00e8re est aussi importante. Impossible de pr\u00e9voir la date de fin de cette m\u00e9ticuleuse surveillance.<\/p>\n<p>Pas de bless\u00e9 et peu d\u2019impact sur la collecte des d\u00e9chets<\/p>\n<p class=\" wall-content\">En d\u00e9but de soir\u00e9e, lundi 7\u00a0avril 2025, un feu a ravag\u00e9 des locaux du service public de traitement et de valorisation des d\u00e9chets m\u00e9nagers de 82\u00a0communes en \u00cele-de-France. Sous la puissance des flammes, \u00ab\u2009une grande partie du b\u00e2timent s\u2019est effondr\u00e9e sur lui-m\u00eame\u2009\u00bb, pr\u00e9cisait la BSPP. <strong>45 engins et 180 effectifs militaires<\/strong> avaient \u00e9t\u00e9 engag\u00e9s.<\/p>\n<p>Vid\u00e9os : en ce moment sur Actu<\/p>\n<p class=\" wall-content\"><strong>Aucun bless\u00e9<\/strong> n\u2019est \u00e0 d\u00e9plorer et aucune pollution de l\u2019air n\u2019a \u00e9t\u00e9 report\u00e9e. Par mesure de pr\u00e9caution, les habitants et les \u00e9tablissements scolaires de la zone ont re\u00e7u des indications \u00e0 mettre en place pour a\u00e9rer et lav\u00e9e les logements qui se trouvaient dans le sillage des fum\u00e9es. Les parcs ont \u00e9t\u00e9 ferm\u00e9s temporairement pour \u00eatre nettoy\u00e9s.<\/p>\n<p class=\" wall-content\">En ce qui concerne la <strong>collecte des d\u00e9chets<\/strong>, l\u2019impact a aussi \u00e9t\u00e9 limit\u00e9\u2009: \u00ab\u2009le temps de collecte pourrait \u00eatre rallong\u00e9, en raison de l\u2019acheminement \u2013 plus long \u2013 des bennes vers les deux centres de substitution\u2009\u00bb, expliquait la mairie du 17e arrondissement.<\/p>\n<p class=\" wall-content\">Suivez toute l\u2019actualit\u00e9 de vos villes et m\u00e9dias favoris en vous inscrivant \u00e0 <a href=\"https:\/\/moncompte.actu.fr\" title=\"D\u00e9couvez Mon Actu\" rel=\"nofollow noopener\" data-trk=\"{&quot;cta&quot;:{&quot;action&quot;:&quot;https:\\\/\\\/moncompte.actu.fr&quot;,&quot;category&quot;:&quot;mon compte&quot;,&quot;from&quot;:&quot;article footer&quot;,&quot;name&quot;:&quot;Mon actu&quot;,&quot;type&quot;:&quot;cta&quot;}}\" target=\"_blank\">Mon Actu<\/a>.<\/p>\n","protected":false},"excerpt":{"rendered":"Par Sarah Coulet Publi\u00e9 le 14 avr. 2025 \u00e0 18h04 Automobilistes, riverains et passants qui longent le centre&hellip;\n","protected":false},"author":2,"featured_media":26178,"comment_status":"","ping_status":"","sticky":false,"template":"","format":"standard","meta":{"footnotes":""},"categories":[1888],"tags":[1111,1928,11,1927,3056,1777,674,1011,27,1310,12,1926,626,1925,1311,25,104],"class_list":{"0":"post-26177","1":"post","2":"type-post","3":"status-publish","4":"format-standard","5":"has-post-thumbnail","7":"category-paris","8":"tag-actu","9":"tag-actu-paris","10":"tag-actualites","11":"tag-actualites-paris","12":"tag-brigade-de-sapeurs-pompiers-de-paris","13":"tag-eu","14":"tag-europe","15":"tag-fr","16":"tag-france","17":"tag-incendie","18":"tag-news","19":"tag-news-paris","20":"tag-paris","21":"tag-paris-news","22":"tag-pompiers","23":"tag-republique-francaise","24":"tag-societe"},"share_on_mastodon":{"url":"https:\/\/pubeurope.com\/@fr\/114341028011325541","error":""},"_links":{"self":[{"href":"https:\/\/www.europesays.com\/fr\/wp-json\/wp\/v2\/posts\/26177","targetHints":{"allow":["GET"]}}],"collection":[{"href":"https:\/\/www.europesays.com\/fr\/wp-json\/wp\/v2\/posts"}],"about":[{"href":"https:\/\/www.europesays.com\/fr\/wp-json\/wp\/v2\/types\/post"}],"author":[{"embeddable":true,"href":"https:\/\/www.europesays.com\/fr\/wp-json\/wp\/v2\/users\/2"}],"replies":[{"embeddable":true,"href":"https:\/\/www.europesays.com\/fr\/wp-json\/wp\/v2\/comments?post=26177"}],"version-history":[{"count":0,"href":"https:\/\/www.europesays.com\/fr\/wp-json\/wp\/v2\/posts\/26177\/revisions"}],"wp:featuredmedia":[{"embeddable":true,"href":"https:\/\/www.europesays.com\/fr\/wp-json\/wp\/v2\/media\/26178"}],"wp:attachment":[{"href":"https:\/\/www.europesays.com\/fr\/wp-json\/wp\/v2\/media?parent=26177"}],"wp:term":[{"taxonomy":"category","embeddable":true,"href":"https:\/\/www.europesays.com\/fr\/wp-json\/wp\/v2\/categories?post=26177"},{"taxonomy":"post_tag","embeddable":true,"href":"https:\/\/www.europesays.com\/fr\/wp-json\/wp\/v2\/tags?post=26177"}],"curies":[{"name":"wp","href":"https:\/\/api.w.org\/{rel}","templated":true}]}}