{"id":261770,"date":"2025-07-20T19:32:09","date_gmt":"2025-07-20T19:32:09","guid":{"rendered":"https:\/\/www.europesays.com\/fr\/261770\/"},"modified":"2025-07-20T19:32:09","modified_gmt":"2025-07-20T19:32:09","slug":"petition-contre-la-loi-duplomb-sous-pression-la-macronie-et-lr-campent-sur-leurs-positions-liberation","status":"publish","type":"post","link":"https:\/\/www.europesays.com\/fr\/261770\/","title":{"rendered":"P\u00e9tition contre la loi Duplomb : sous pression, la macronie et LR campent sur leurs positions &#8211; Lib\u00e9ration"},"content":{"rendered":"<ol>\n<li><a href=\"https:\/\/news.google.com\/rss\/articles\/CBMi9gFBVV95cUxQWXVGSjlfVTkyU0ZSTE9fc0ZIN0t5SDd1Z0V3VHJvdWFvVE0yU0tQSzhrNUFlZmk5TTlraWxTNjZjdUZlaDIwVjlnaTRyYjc0Z1lRNndoUFdnSGJvdVRMM0Q5azBzaERKZnhPdU9Hc09MM2k3bExZdVBKTlhBUnladm5pb09RVTJsVFl0ZGdrTWEzd2tWRHpsZUZ0N01UWDltMGQtRkdyeEFPQmQwaFlIY1pNbm5pSFQyQjFYenp2a1N4U1oyVEswZ0RwSmJyZ19PZG9TVkxiYzVxSjR1S181Rk1kS2NLSEVzTGlnTGdaU0RQQXFwWXc?oc=5\" target=\"_blank\" rel=\"noopener\">P\u00e9tition contre la loi Duplomb : sous pression, la macronie et LR campent sur leurs positions<\/a>&nbsp;&nbsp;Lib\u00e9ration<\/li>\n<li><a href=\"https:\/\/news.google.com\/rss\/articles\/CBMingJBVV95cUxOb2VxSzBFVk9UNXJVVlRqd19UM25LOWU5X0d0LW12bVFoQ20xb2VaU0J5VnVZLW5zaDFNUUc2NEMzUkJrUHhlSWI5b0duenZ1LUlwZURIeFFFWFlxeGlmMXEybEFPdFRyMXp2TDloc3o4ajFXT2pOeFM5U3JLVjNiQ0xIdUJaSDRsNlNEZnFFR1ZyTS1YNXY2VmQwQzJVOWZDeW9lSE90YWFtSFUtSnNES1QtZ2I4bDlna3JDSzdGRm9yaWJvSmFGSjFiQ29tWnlBTnhJRF83V2FuYzJRZFpVMHdaQU9WbklycWxXdWF3aDY1dHh6dzVOUzhpU3Qzb2YzLUxkbVVvTnJMc19VcC13TjdyN0N4MDVKWDQ2a21n?oc=5\" target=\"_blank\" rel=\"noopener\">Une p\u00e9tition contre la loi Duplomb d\u00e9passe le million de signatures, ouvrant la possibilit\u00e9 d\u2019un d\u00e9bat \u00e0 l\u2019Assembl\u00e9e nationale<\/a>&nbsp;&nbsp;Le Monde.fr<\/li>\n<li><a href=\"https:\/\/news.google.com\/rss\/articles\/CBMipgJBVV95cUxQM05KT1JnV0VYbEpEOEUwZmZQWWktRkJrZGE2blpfaXVpbGpVdmdQMmdVRVZ2dGlmZUdsblZVQmR5dndkSVJPNEJuU3JOUGhyd1U0N096eDZiOFh5NFc3bk5ia1FEMXNnclBuWlB3bXBZN1IxVUs0c2NhckdTRW12R0REMVBQN0RKdkpyeUN5Yjk5X001cVlzcmlMTGszcUlUV1laTE1qaTZKN05QU0hXRXBHVUhjbloydjNEZmp2b19SekYxN2o1NnFOOVdzT1NjMFVZbkw0UVBFRkdSYlBtSFk3WTR6dWJiSnp3T1hIYjlMVnpHMFF5RkZMVUlnQjhGQXc4MkNlVTF3NWh3N3pOdXlsVXdaOU5tWDZsYm82UDNRODZmR2c?oc=5\" target=\"_blank\" rel=\"noopener\">P\u00e9tition contre la loi Duplomb: Alexis Corbi\u00e8re (Divers gauche) appelle Emmanuel Macron \u00e0 demander une deuxi\u00e8me lecture de la loi \u00e0 l&rsquo;Assembl\u00e9e<\/a>&nbsp;&nbsp;BFMTV<\/li>\n<li><a href=\"https:\/\/news.google.com\/rss\/articles\/CBMia0FVX3lxTE1KMWRnczVMNXdHLThwTk5HWmdaeHlwajlkb0k4eGZubWxSLTliV1EyWkhQZEFJWHl1VFJ5VTI0M3dNZGx6bFhMTkprV3J2cGhSd1NDTTg3bUUtQm9lMXQ1WjIzZ1dCWUkxcEtN?oc=5\" target=\"_blank\" rel=\"noopener\">Pour une sortie des pesticides de synth\u00e8se !<\/a>&nbsp;&nbsp;Assembl\u00e9e nationale<\/li>\n<li><a href=\"https:\/\/news.google.com\/rss\/articles\/CBMi7wFBVV95cUxNYmZNVTdhUDJibTRabldtUUFtT0puNTg2Y1M1Q296bGw1Y1MydmtxS3RHRk9xM1MyRWlianRnd0xwaWgtRFNZUjVjaUtmbm5qSmdMUXRqdFI5RnhZbWhoV3o5RGNLMUhuZ0I3aHBpVkFrc2NnU2E0RzR6cHN4bENhR1lpVl9mVlRDUEdTaVR5ZlRUYTQtalRNWWpDQklyVjBkX1dSUTJaLXNFdUtIUGlBWVBtWXRLRW03NXhETWlXS3VKU0RjM1hoU3Uxc0V6XzZ1REJUYk5LRE5XalB3UFNuQU95QUVSSVI4QlVZSS1COA?oc=5\" target=\"_blank\" rel=\"noopener\">Loi Duplomb : pourquoi \u00c9l\u00e9onore Pattery, l\u2019auteure de la p\u00e9tition, ne veut pas s\u2019exprimer publiquement<\/a>&nbsp;&nbsp;Le HuffPost<\/li>\n<\/ol>\n","protected":false},"excerpt":{"rendered":"P\u00e9tition contre la loi Duplomb : sous pression, la macronie et LR campent sur leurs positions&nbsp;&nbsp;Lib\u00e9ration Une p\u00e9tition&hellip;\n","protected":false},"author":2,"featured_media":261771,"comment_status":"","ping_status":"","sticky":false,"template":"","format":"standard","meta":{"footnotes":""},"categories":[2],"tags":[11,1011,27,418,12,2091],"class_list":{"0":"post-261770","1":"post","2":"type-post","3":"status-publish","4":"format-standard","5":"has-post-thumbnail","7":"category-actualites","8":"tag-actualites","9":"tag-fr","10":"tag-france","11":"tag-gouvernement","12":"tag-news","13":"tag-pesticides"},"share_on_mastodon":{"url":"https:\/\/pubeurope.com\/@fr\/114887232261411787","error":""},"_links":{"self":[{"href":"https:\/\/www.europesays.com\/fr\/wp-json\/wp\/v2\/posts\/261770","targetHints":{"allow":["GET"]}}],"collection":[{"href":"https:\/\/www.europesays.com\/fr\/wp-json\/wp\/v2\/posts"}],"about":[{"href":"https:\/\/www.europesays.com\/fr\/wp-json\/wp\/v2\/types\/post"}],"author":[{"embeddable":true,"href":"https:\/\/www.europesays.com\/fr\/wp-json\/wp\/v2\/users\/2"}],"replies":[{"embeddable":true,"href":"https:\/\/www.europesays.com\/fr\/wp-json\/wp\/v2\/comments?post=261770"}],"version-history":[{"count":0,"href":"https:\/\/www.europesays.com\/fr\/wp-json\/wp\/v2\/posts\/261770\/revisions"}],"wp:featuredmedia":[{"embeddable":true,"href":"https:\/\/www.europesays.com\/fr\/wp-json\/wp\/v2\/media\/261771"}],"wp:attachment":[{"href":"https:\/\/www.europesays.com\/fr\/wp-json\/wp\/v2\/media?parent=261770"}],"wp:term":[{"taxonomy":"category","embeddable":true,"href":"https:\/\/www.europesays.com\/fr\/wp-json\/wp\/v2\/categories?post=261770"},{"taxonomy":"post_tag","embeddable":true,"href":"https:\/\/www.europesays.com\/fr\/wp-json\/wp\/v2\/tags?post=261770"}],"curies":[{"name":"wp","href":"https:\/\/api.w.org\/{rel}","templated":true}]}}