{"id":261772,"date":"2025-07-20T19:33:15","date_gmt":"2025-07-20T19:33:15","guid":{"rendered":"https:\/\/www.europesays.com\/fr\/261772\/"},"modified":"2025-07-20T19:33:15","modified_gmt":"2025-07-20T19:33:15","slug":"jazz-et-opera-a-sausset-les-pins-pour-lancer-les-vesperales-a-plein-regime","status":"publish","type":"post","link":"https:\/\/www.europesays.com\/fr\/261772\/","title":{"rendered":"Jazz et op\u00e9ra \u00e0 Sausset-les-Pins pour lancer les Vesp\u00e9rales \u00e0 plein r\u00e9gime"},"content":{"rendered":"<p>Apr\u00e8s le d\u00e9licat piano-voix de la talentueuse artiste belge Mathilde Renault en ouverture des Festi&rsquo;Vesp\u00e9rales 2025, les promesses affich\u00e9es par les \u00ab\u00a0juniors\u00a0\u00bb de l&rsquo;ensemble de la Philharmonie M\u00e9diterran\u00e9e, ont offert en suivant un concert tr\u00e8s homog\u00e8ne ; et finalement aussi dense que le public qui petit \u00e0 petit, retrouve le chemin de \u00ab\u00a0son\u00a0\u00bb th\u00e9\u00e2tre de verdure : le succ\u00e8s d&rsquo;estime de cette soir\u00e9e classique a \u00e9t\u00e9 doubl\u00e9 d&rsquo;un succ\u00e8s populaire \u00ab\u00a0convalescent\u00a0\u00bb, mais signe de promesse pour la suite. D&rsquo;autant, que fid\u00e8les \u00e0 l&rsquo;engagement \u00e9lu d&rsquo;alternance des genres dans les affiches, jazz et op\u00e9ra devraient finir de convaincre le public de la qualit\u00e9 des affiches.<\/p>\n","protected":false},"excerpt":{"rendered":"Apr\u00e8s le d\u00e9licat piano-voix de la talentueuse artiste belge Mathilde Renault en ouverture des Festi&rsquo;Vesp\u00e9rales 2025, les promesses&hellip;\n","protected":false},"author":2,"featured_media":261773,"comment_status":"","ping_status":"","sticky":false,"template":"","format":"standard","meta":{"footnotes":""},"categories":[9653],"tags":[17,1111,11,2430,1777,674,1011,27,6910,29618,151,12,7165,11388,471,16,25,4001,40149],"class_list":{"0":"post-261772","1":"post","2":"type-post","3":"status-publish","4":"format-standard","5":"has-post-thumbnail","7":"category-saint-etienne","8":"tag-17","9":"tag-actu","10":"tag-actualites","11":"tag-auvergne-rhone-alpes","12":"tag-eu","13":"tag-europe","14":"tag-fr","15":"tag-france","16":"tag-jazz","17":"tag-lancer","18":"tag-les","19":"tag-news","20":"tag-opera","21":"tag-plein","22":"tag-pour","23":"tag-region","24":"tag-republique-francaise","25":"tag-saint-etienne","26":"tag-vesperales"},"share_on_mastodon":{"url":"https:\/\/pubeurope.com\/@fr\/114887236531380856","error":""},"_links":{"self":[{"href":"https:\/\/www.europesays.com\/fr\/wp-json\/wp\/v2\/posts\/261772","targetHints":{"allow":["GET"]}}],"collection":[{"href":"https:\/\/www.europesays.com\/fr\/wp-json\/wp\/v2\/posts"}],"about":[{"href":"https:\/\/www.europesays.com\/fr\/wp-json\/wp\/v2\/types\/post"}],"author":[{"embeddable":true,"href":"https:\/\/www.europesays.com\/fr\/wp-json\/wp\/v2\/users\/2"}],"replies":[{"embeddable":true,"href":"https:\/\/www.europesays.com\/fr\/wp-json\/wp\/v2\/comments?post=261772"}],"version-history":[{"count":0,"href":"https:\/\/www.europesays.com\/fr\/wp-json\/wp\/v2\/posts\/261772\/revisions"}],"wp:featuredmedia":[{"embeddable":true,"href":"https:\/\/www.europesays.com\/fr\/wp-json\/wp\/v2\/media\/261773"}],"wp:attachment":[{"href":"https:\/\/www.europesays.com\/fr\/wp-json\/wp\/v2\/media?parent=261772"}],"wp:term":[{"taxonomy":"category","embeddable":true,"href":"https:\/\/www.europesays.com\/fr\/wp-json\/wp\/v2\/categories?post=261772"},{"taxonomy":"post_tag","embeddable":true,"href":"https:\/\/www.europesays.com\/fr\/wp-json\/wp\/v2\/tags?post=261772"}],"curies":[{"name":"wp","href":"https:\/\/api.w.org\/{rel}","templated":true}]}}