{"id":261778,"date":"2025-07-20T19:38:13","date_gmt":"2025-07-20T19:38:13","guid":{"rendered":"https:\/\/www.europesays.com\/fr\/261778\/"},"modified":"2025-07-20T19:38:13","modified_gmt":"2025-07-20T19:38:13","slug":"les-deux-soirs-la-scene-a-fait-le-plein-cest-une-belle-reussite-le-bon-bilan-de-lazur-music-festival-de-la-crau","status":"publish","type":"post","link":"https:\/\/www.europesays.com\/fr\/261778\/","title":{"rendered":"\u00ab\u00a0Les deux soirs, la sc\u00e8ne a fait le plein, c\u2019est une belle r\u00e9ussite\u00a0\u00bb: le bon bilan de l\u2019Azur Music Festival de La Crau"},"content":{"rendered":"<p>La Crau a dans\u00e9, partag\u00e9 et vibr\u00e9 intens\u00e9ment ce week-end dernier au rythme de la 3e \u00e9dition de l\u2019Azur Music Festival.<\/p>\n<p>Avec plus de 6.500 festivaliers sur les deux jours, l\u2019\u00e9v\u00e9nement est un succ\u00e8s retentissant. L\u2019heure est au bilan pour Florian Gautier, fondateur, ravi de cette \u00e9dition plac\u00e9e sous le signe de l\u2019humain et de la g\u00e9n\u00e9rosit\u00e9. \u00ab\u00a0\ue002Je n\u2019ai pas beaucoup dormi, mais c\u2019est pour la bonne cause\u00a0\u00bb, confie l\u2019organisateur, rayonnant malgr\u00e9 la fatigue. Le festival a offert des \u00ab\u00a0\ue002moments incroyables\u00a0\u00bb, confirmant son positionnement unique: m\u00ealer t\u00eates d\u2019affiche internationales et un esprit familial, d\u00e9tendu et inclusif. C\u2019est l\u2019ADN de l\u2019Azur Music Festival: faire la f\u00eate pour une belle cause.<\/p>\n<p>Mosimann en famille, Benassi au grand c\u0153ur<\/p>\n<p>L\u2019inclusion fut au centre de cette \u00e9dition. On se souviendra du sourire des personnes en fauteuil roulant acc\u00e9dant au carr\u00e9 VIP gr\u00e2ce \u00e0 un monte PMR mobile, mis en place par la mairie. Propos\u00e9s par la nouvelle association Diff\u2019Art, des gilets vibrants ont aussi permis aux malentendants de ressentir la musique, offrant une exp\u00e9rience sensorielle unique. Les moments forts ont jalonn\u00e9 les deux soir\u00e9es. L\u2019improvisation totale de Mosimann, l\u2019enfant du pays, faisant monter sa m\u00e8re et sa famille crauroise sur sc\u00e8ne, et m\u00eame le maire Christian Simon, \u00e0 qui il a laiss\u00e9 les platines quelques instants!<\/p>\n<p>Une s\u00e9quence d\u2019\u00e9motion et de spontan\u00e9it\u00e9 qui a marqu\u00e9 les esprits. Autre grand moment: Benny Benassi accueillant sur sc\u00e8ne la quasi-totalit\u00e9 des 150 b\u00e9n\u00e9voles \u00e0 la fin de son set, saluant leur engagement indispensable. Grande nouveaut\u00e9 de cette 3e \u00e9dition, la deuxi\u00e8me sc\u00e8ne fut un v\u00e9ritable succ\u00e8s. G\u00e9r\u00e9e par l\u2019\u00e9quipe de Yadegun, elle a permis de mettre en lumi\u00e8re des artistes locaux et d\u2019offrir une proximit\u00e9 tr\u00e8s appr\u00e9ci\u00e9e avec le public. \u00ab\u00a0Les deux soirs, la sc\u00e8ne a fait le plein, c\u2019est une belle r\u00e9ussite\u00a0\u00bb, se f\u00e9licite Florian Gautier. L\u2019engagement pour un festival responsable s\u2019est concr\u00e9tis\u00e9 avec l\u2019arriv\u00e9e de nouveaux partenaires comme l\u2019entreprise valettoise Dullac pour les \u00e9cocups, le Pasino, ou encore Vita. Tous ont \u00e9t\u00e9 s\u00e9duits par la dimension caritative du festival. En effet, l\u2019int\u00e9gralit\u00e9 des b\u00e9n\u00e9fices est revers\u00e9e \u00e0 des associations, dont \u00ab\u00a0Une Vie de Ouf\u00a0\u00bb qui r\u00e9alise les r\u00eaves d\u2019enfants malades (avec 11 voyages \u00e0 Disney d\u00e9j\u00e0 envisag\u00e9s), et le groupe Umane, engag\u00e9 aupr\u00e8s des personnes en situation de fragilit\u00e9. Avec plus de 6.500 festivaliers sur l\u2019ensemble du week-end, l\u2019Azur Music Festival confirme son succ\u00e8s et son ancrage sur le territoire. Florian Gautier le confirme: \u00ab\u00a0l\u2019envie est bien l\u00e0\u00a0\u00bb pour une 4e \u00e9dition!<\/p>\n","protected":false},"excerpt":{"rendered":"La Crau a dans\u00e9, partag\u00e9 et vibr\u00e9 intens\u00e9ment ce week-end dernier au rythme de la 3e \u00e9dition de&hellip;\n","protected":false},"author":2,"featured_media":261779,"comment_status":"","ping_status":"","sticky":false,"template":"","format":"standard","meta":{"footnotes":""},"categories":[9619],"tags":[1111,11,4156,251,1777,674,1011,27,12,882,25,2310],"class_list":{"0":"post-261778","1":"post","2":"type-post","3":"status-publish","4":"format-standard","5":"has-post-thumbnail","7":"category-toulon","8":"tag-actu","9":"tag-actualites","10":"tag-concerts","11":"tag-culture","12":"tag-eu","13":"tag-europe","14":"tag-fr","15":"tag-france","16":"tag-news","17":"tag-provence-alpes-cote-dazur","18":"tag-republique-francaise","19":"tag-toulon"},"share_on_mastodon":{"url":"https:\/\/pubeurope.com\/@fr\/114887255838402912","error":""},"_links":{"self":[{"href":"https:\/\/www.europesays.com\/fr\/wp-json\/wp\/v2\/posts\/261778","targetHints":{"allow":["GET"]}}],"collection":[{"href":"https:\/\/www.europesays.com\/fr\/wp-json\/wp\/v2\/posts"}],"about":[{"href":"https:\/\/www.europesays.com\/fr\/wp-json\/wp\/v2\/types\/post"}],"author":[{"embeddable":true,"href":"https:\/\/www.europesays.com\/fr\/wp-json\/wp\/v2\/users\/2"}],"replies":[{"embeddable":true,"href":"https:\/\/www.europesays.com\/fr\/wp-json\/wp\/v2\/comments?post=261778"}],"version-history":[{"count":0,"href":"https:\/\/www.europesays.com\/fr\/wp-json\/wp\/v2\/posts\/261778\/revisions"}],"wp:featuredmedia":[{"embeddable":true,"href":"https:\/\/www.europesays.com\/fr\/wp-json\/wp\/v2\/media\/261779"}],"wp:attachment":[{"href":"https:\/\/www.europesays.com\/fr\/wp-json\/wp\/v2\/media?parent=261778"}],"wp:term":[{"taxonomy":"category","embeddable":true,"href":"https:\/\/www.europesays.com\/fr\/wp-json\/wp\/v2\/categories?post=261778"},{"taxonomy":"post_tag","embeddable":true,"href":"https:\/\/www.europesays.com\/fr\/wp-json\/wp\/v2\/tags?post=261778"}],"curies":[{"name":"wp","href":"https:\/\/api.w.org\/{rel}","templated":true}]}}