{"id":261785,"date":"2025-07-20T19:44:11","date_gmt":"2025-07-20T19:44:11","guid":{"rendered":"https:\/\/www.europesays.com\/fr\/261785\/"},"modified":"2025-07-20T19:44:11","modified_gmt":"2025-07-20T19:44:11","slug":"isere-une-rafale-brise-un-cedre-en-deux-a-saint-martin-duriage","status":"publish","type":"post","link":"https:\/\/www.europesays.com\/fr\/261785\/","title":{"rendered":"Is\u00e8re. Une rafale brise un c\u00e8dre en deux \u00e0 Saint-Martin-d\u2019Uriage"},"content":{"rendered":"<p>L\u2019orage pr\u00e9vu ce dimanche 20\u00a0juillet en fin de journ\u00e9e a \u00e9t\u00e9 pr\u00e9c\u00e9d\u00e9 par de violentes bourrasques de vent. \u00c0 Saint-Martin-d\u2019Uriage, l\u2019une de ces bourrasques a bris\u00e9 le tronc d\u2019un imposant c\u00e8dre situ\u00e9 route de Pierval. Un p\u00e9rim\u00e8tre de s\u00e9curit\u00e9 a \u00e9t\u00e9 mis en place par les policiers municipaux pour \u00e9viter que des passants ne soient bless\u00e9s ou des v\u00e9hicules d\u00e9grad\u00e9s par des chutes de branches rest\u00e9es bloqu\u00e9es dans l\u2019arbre.<\/p>\n","protected":false},"excerpt":{"rendered":"L\u2019orage pr\u00e9vu ce dimanche 20\u00a0juillet en fin de journ\u00e9e a \u00e9t\u00e9 pr\u00e9c\u00e9d\u00e9 par de violentes bourrasques de vent.&hellip;\n","protected":false},"author":2,"featured_media":261786,"comment_status":"","ping_status":"","sticky":false,"template":"","format":"standard","meta":{"footnotes":""},"categories":[9566],"tags":[1111,11,2430,113,1777,674,274,1795,1011,27,2731,12204,108,12,25,21297],"class_list":{"0":"post-261785","1":"post","2":"type-post","3":"status-publish","4":"format-standard","5":"has-post-thumbnail","7":"category-grenoble","8":"tag-actu","9":"tag-actualites","10":"tag-auvergne-rhone-alpes","11":"tag-edition-gresivaudan-oisans","12":"tag-eu","13":"tag-europe","14":"tag-faits-divers-justice","15":"tag-fil-web","16":"tag-fr","17":"tag-france","18":"tag-grenoble","19":"tag-gresivaudan","20":"tag-isere","21":"tag-news","22":"tag-republique-francaise","23":"tag-saint-martin-duriage"},"share_on_mastodon":{"url":"https:\/\/pubeurope.com\/@fr\/114887279494869524","error":""},"_links":{"self":[{"href":"https:\/\/www.europesays.com\/fr\/wp-json\/wp\/v2\/posts\/261785","targetHints":{"allow":["GET"]}}],"collection":[{"href":"https:\/\/www.europesays.com\/fr\/wp-json\/wp\/v2\/posts"}],"about":[{"href":"https:\/\/www.europesays.com\/fr\/wp-json\/wp\/v2\/types\/post"}],"author":[{"embeddable":true,"href":"https:\/\/www.europesays.com\/fr\/wp-json\/wp\/v2\/users\/2"}],"replies":[{"embeddable":true,"href":"https:\/\/www.europesays.com\/fr\/wp-json\/wp\/v2\/comments?post=261785"}],"version-history":[{"count":0,"href":"https:\/\/www.europesays.com\/fr\/wp-json\/wp\/v2\/posts\/261785\/revisions"}],"wp:featuredmedia":[{"embeddable":true,"href":"https:\/\/www.europesays.com\/fr\/wp-json\/wp\/v2\/media\/261786"}],"wp:attachment":[{"href":"https:\/\/www.europesays.com\/fr\/wp-json\/wp\/v2\/media?parent=261785"}],"wp:term":[{"taxonomy":"category","embeddable":true,"href":"https:\/\/www.europesays.com\/fr\/wp-json\/wp\/v2\/categories?post=261785"},{"taxonomy":"post_tag","embeddable":true,"href":"https:\/\/www.europesays.com\/fr\/wp-json\/wp\/v2\/tags?post=261785"}],"curies":[{"name":"wp","href":"https:\/\/api.w.org\/{rel}","templated":true}]}}