{"id":261787,"date":"2025-07-20T19:45:11","date_gmt":"2025-07-20T19:45:11","guid":{"rendered":"https:\/\/www.europesays.com\/fr\/261787\/"},"modified":"2025-07-20T19:45:11","modified_gmt":"2025-07-20T19:45:11","slug":"isere-le-parti-ecolo-equinoxe-choisit-grenoble-pour-organiser-ses-universites-dautomne-2","status":"publish","type":"post","link":"https:\/\/www.europesays.com\/fr\/261787\/","title":{"rendered":"Is\u00e8re. Le parti \u00e9colo \u00c9quinoxe choisit Grenoble\u00a0pour organiser ses universit\u00e9s d\u2019automne"},"content":{"rendered":"<p class=\"xsm-p emxed-markup\">Chez \u00c9quinoxe, on ne fait d\u00e9cid\u00e9ment rien comme dans les autres. Ainsi, le petit parti \u2013 qui plaide pour \u00e9cologie pratique, celle des scientifiques et qui est inspir\u00e9 par\u00a0<a class=\"emxed-markup\" href=\"https:\/\/www.ledauphine.com\/environnement\/2025\/06\/18\/jean-marc-jancovici-les-lignes-ont-pas-mal-bouge-ces-cinq-dernieres-annees\" target=\"_blank\" rel=\"nofollow noopener\">Jean-Marc Jancovici<\/a> \u2013 n\u2019organise pas des universit\u00e9s d\u2019\u00e9t\u00e9 annuelles comme les autres mouvements, mais des universit\u00e9s de printemps et d\u2019automne, pour coller au mieux aux dates des\u2026 \u00e9quinoxes, \u00e9videmment\u200a! Et pour la prochaine \u00e9dition, celle des 20 et 21\u00a0septembre, la ville de Grenoble a \u00e9t\u00e9 choisie. C\u2019est \u00e0 la Maison des associations, rue Berthe-de-Boissieux, que l\u2019\u00e9v\u00e9nement aura lieu, et que des cadres et des militants de tout le pays vont venir se r\u00e9unir. Le samedi sera ouvert au public, avec des tables rondes, des conf\u00e9rences et des ateliers.<\/p>\n<p class=\"xsm-p emxed-markup\">Pourquoi le choix de l\u2019Is\u00e8re\u200a? La r\u00e9ponse nous est donn\u00e9e Martin Couffignal et Briac Fav\u00e9, les deux cadres nationaux qui ont \u00e9t\u00e9 accueillis cette semaine par le Grenoblois Emmanuel Buu\u200a: l\u2019Is\u00e8re est tout simplement le d\u00e9partement o\u00f9 le parti a le plus de succ\u00e8s, qui se trouve dans la r\u00e9gion Auvergne-Rh\u00f4ne-Alpes, o\u00f9 \u00c9quinoxe compte aussi un tr\u00e8s grand nombre d\u2019adh\u00e9rents. \u00ab\u200a\u00c0 Grenoble, on a un \u00e9cho favorable, parce que c\u2019est une ville avec une vraie culture scientifique et avec une sensibilit\u00e9 accrue au respect de la nature. Mais on est aussi bien pr\u00e9sents \u00e0 Lyon et \u00e0 Clermont-Ferrand.\u200a\u00bb<\/p>\n<p>Les municipales\u00a0en ligne de mire<\/p>\n<p class=\"xsm-p emxed-markup\">Les \u00e9lecteurs ont vraiment vu d\u00e9barquer \u00c9quinoxe lors des derni\u00e8res \u00e9lections europ\u00e9ennes en 2024. Fond\u00e9 en 2021 par un groupe de jeunes actifs et \u00e9tudiants \u2013 ne se retrouvant pas dans l\u2019offre politique existante \u2013 ce petit parti plaide pour une \u00e9cologie qui n\u2019est \u00ab\u200apas dans le dogme\u200a\u00bb. Le postulat est de remettre la science au c\u0153ur du projet politique et ne plus regarder la politique en fonction du clivage droite\/gauche, et de redonner la parole aux citoyens. De plus, la moyenne d\u2019\u00e2ge des adh\u00e9rents est 33 ans, ce qui en fait le plus jeune parti de France.<\/p>\n<p class=\"xsm-p emxed-markup\">Et, s\u00e9quence \u00e9lectorale oblige, \u00c9quinoxe est d\u00e9j\u00e0 \u00e0 fond dans la pr\u00e9paration des municipales de mars\u00a02026. Partout en France, ils veulent participer \u00e0 des listes. 150 participations ont d\u00e9j\u00e0 \u00e9t\u00e9 act\u00e9es, et un objectif de 300 a \u00e9t\u00e9 fix\u00e9. \u00c0 Grenoble, \u00c9quinoxe part avec\u00a0<a class=\"emxed-markup\" href=\"https:\/\/www.ledauphine.com\/elections\/2025\/05\/18\/equinoxe-le-petit-parti-ecolo-qui-monte-rejoint-le-collectif-grenoble-capitale-citoyenne\" target=\"_blank\" rel=\"nofollow noopener\">la liste Grenoble Capitale citoyenne<\/a>, et des discussions sont en cours \u00e0 Meylan, Tullins, Noyarey,\u00a0etc. \u00ab\u200aNous avons un \u00e9lu \u00e0 La Tronche d\u00e9j\u00e0 en place.\u200a\u00bb La priorit\u00e9 est une implantation dans les communes rurales, de 3\u200a500 habitants et moins. \u00ab\u200aNous, on croit au local et \u00e0 l\u2019engagement citoyen, loin des batailles d\u2019\u00e9tiquettes.\u200a\u00bb<\/p>\n","protected":false},"excerpt":{"rendered":"Chez \u00c9quinoxe, on ne fait d\u00e9cid\u00e9ment rien comme dans les autres. Ainsi, le petit parti \u2013 qui plaide&hellip;\n","protected":false},"author":2,"featured_media":261788,"comment_status":"","ping_status":"","sticky":false,"template":"","format":"standard","meta":{"footnotes":""},"categories":[9566],"tags":[1111,11,2430,112,4188,1777,674,107,1011,27,2731,2732,108,12,316,25],"class_list":{"0":"post-261787","1":"post","2":"type-post","3":"status-publish","4":"format-standard","5":"has-post-thumbnail","7":"category-grenoble","8":"tag-actu","9":"tag-actualites","10":"tag-auvergne-rhone-alpes","11":"tag-edition-grenoble-agglomeration","12":"tag-elections-municipales","13":"tag-eu","14":"tag-europe","15":"tag-fil-info","16":"tag-fr","17":"tag-france","18":"tag-grenoble","19":"tag-grenoble-bassin","20":"tag-isere","21":"tag-news","22":"tag-politique","23":"tag-republique-francaise"},"share_on_mastodon":{"url":"https:\/\/pubeurope.com\/@fr\/114887283387930700","error":""},"_links":{"self":[{"href":"https:\/\/www.europesays.com\/fr\/wp-json\/wp\/v2\/posts\/261787","targetHints":{"allow":["GET"]}}],"collection":[{"href":"https:\/\/www.europesays.com\/fr\/wp-json\/wp\/v2\/posts"}],"about":[{"href":"https:\/\/www.europesays.com\/fr\/wp-json\/wp\/v2\/types\/post"}],"author":[{"embeddable":true,"href":"https:\/\/www.europesays.com\/fr\/wp-json\/wp\/v2\/users\/2"}],"replies":[{"embeddable":true,"href":"https:\/\/www.europesays.com\/fr\/wp-json\/wp\/v2\/comments?post=261787"}],"version-history":[{"count":0,"href":"https:\/\/www.europesays.com\/fr\/wp-json\/wp\/v2\/posts\/261787\/revisions"}],"wp:featuredmedia":[{"embeddable":true,"href":"https:\/\/www.europesays.com\/fr\/wp-json\/wp\/v2\/media\/261788"}],"wp:attachment":[{"href":"https:\/\/www.europesays.com\/fr\/wp-json\/wp\/v2\/media?parent=261787"}],"wp:term":[{"taxonomy":"category","embeddable":true,"href":"https:\/\/www.europesays.com\/fr\/wp-json\/wp\/v2\/categories?post=261787"},{"taxonomy":"post_tag","embeddable":true,"href":"https:\/\/www.europesays.com\/fr\/wp-json\/wp\/v2\/tags?post=261787"}],"curies":[{"name":"wp","href":"https:\/\/api.w.org\/{rel}","templated":true}]}}