{"id":261789,"date":"2025-07-20T19:46:12","date_gmt":"2025-07-20T19:46:12","guid":{"rendered":"https:\/\/www.europesays.com\/fr\/261789\/"},"modified":"2025-07-20T19:46:12","modified_gmt":"2025-07-20T19:46:12","slug":"grave-accident-en-ille-et-vilaine-la-conductrice-decedee-et-trois-enfants-blesses","status":"publish","type":"post","link":"https:\/\/www.europesays.com\/fr\/261789\/","title":{"rendered":"Grave accident en Ille-et-Vilaine\u00a0: la conductrice d\u00e9c\u00e9d\u00e9e et trois enfants bless\u00e9s"},"content":{"rendered":"<p>L\u2019accident s\u2019est produit vers 16 h 45 sur la RN 137 dans le sens Nantes- Rennes. Selon les premiers \u00e9l\u00e9ments de l\u2019enqu\u00eate, la conductrice \u00e2g\u00e9e de 73 ans a fait un malaise avant de perdre le contr\u00f4le de sa voiture. Le v\u00e9hicule, apr\u00e8s avoir effectu\u00e9 plusieurs tonneaux, a termin\u00e9 sa course sur le bas-c\u00f4t\u00e9 de la route. Au total, 18 pompiers ont \u00e9t\u00e9 d\u00e9p\u00each\u00e9s sur les lieux avec des moyens de d\u00e9sincarc\u00e9ration. Dans le choc, la femme en arr\u00eat cardio-respiratoire est d\u00e9c\u00e9d\u00e9e, malgr\u00e9 les efforts des secours pour tenter de la r\u00e9animer. \u00c0 bord de la voiture, les trois petits-enfants de la victime, \u00e2g\u00e9s de 6 ans, 8 ans et 11 ans, ont \u00e9t\u00e9 plus l\u00e9g\u00e8rement bless\u00e9s. Ils ont \u00e9t\u00e9 transport\u00e9s en urgence relative vers l\u2019h\u00f4pital sud de Rennes. Sur place la circulation a \u00e9t\u00e9 perturb\u00e9e jusqu\u2019\u00e0 19 h 30, une voie de circulation ayant \u00e9t\u00e9 coup\u00e9e le temps de l\u2019intervention des pompiers.<\/p>\n","protected":false},"excerpt":{"rendered":"L\u2019accident s\u2019est produit vers 16 h 45 sur la RN 137 dans le sens Nantes- Rennes. Selon les&hellip;\n","protected":false},"author":2,"featured_media":261790,"comment_status":"","ping_status":"","sticky":false,"template":"","format":"standard","meta":{"footnotes":""},"categories":[2821],"tags":[1111,11,829,765,1777,674,118,1011,27,848,12,584,25],"class_list":{"0":"post-261789","1":"post","2":"type-post","3":"status-publish","4":"format-standard","5":"has-post-thumbnail","7":"category-rennes","8":"tag-actu","9":"tag-actualites","10":"tag-bretagne","11":"tag-en-continu","12":"tag-eu","13":"tag-europe","14":"tag-faits-divers","15":"tag-fr","16":"tag-france","17":"tag-ille-et-vilaine","18":"tag-news","19":"tag-rennes","20":"tag-republique-francaise"},"share_on_mastodon":{"url":"https:\/\/pubeurope.com\/@fr\/114887287449506913","error":""},"_links":{"self":[{"href":"https:\/\/www.europesays.com\/fr\/wp-json\/wp\/v2\/posts\/261789","targetHints":{"allow":["GET"]}}],"collection":[{"href":"https:\/\/www.europesays.com\/fr\/wp-json\/wp\/v2\/posts"}],"about":[{"href":"https:\/\/www.europesays.com\/fr\/wp-json\/wp\/v2\/types\/post"}],"author":[{"embeddable":true,"href":"https:\/\/www.europesays.com\/fr\/wp-json\/wp\/v2\/users\/2"}],"replies":[{"embeddable":true,"href":"https:\/\/www.europesays.com\/fr\/wp-json\/wp\/v2\/comments?post=261789"}],"version-history":[{"count":0,"href":"https:\/\/www.europesays.com\/fr\/wp-json\/wp\/v2\/posts\/261789\/revisions"}],"wp:featuredmedia":[{"embeddable":true,"href":"https:\/\/www.europesays.com\/fr\/wp-json\/wp\/v2\/media\/261790"}],"wp:attachment":[{"href":"https:\/\/www.europesays.com\/fr\/wp-json\/wp\/v2\/media?parent=261789"}],"wp:term":[{"taxonomy":"category","embeddable":true,"href":"https:\/\/www.europesays.com\/fr\/wp-json\/wp\/v2\/categories?post=261789"},{"taxonomy":"post_tag","embeddable":true,"href":"https:\/\/www.europesays.com\/fr\/wp-json\/wp\/v2\/tags?post=261789"}],"curies":[{"name":"wp","href":"https:\/\/api.w.org\/{rel}","templated":true}]}}