{"id":261793,"date":"2025-07-20T19:49:14","date_gmt":"2025-07-20T19:49:14","guid":{"rendered":"https:\/\/www.europesays.com\/fr\/261793\/"},"modified":"2025-07-20T19:49:14","modified_gmt":"2025-07-20T19:49:14","slug":"le-strasbourgeois-jeff-erius-double-champion-deurope-espoir","status":"publish","type":"post","link":"https:\/\/www.europesays.com\/fr\/261793\/","title":{"rendered":"le Strasbourgeois Jeff Erius double champion d&rsquo;Europe espoir !"},"content":{"rendered":"<p>Du cousu main, ce relais ! R\u00e9ceptionnant le t\u00e9moin des mains de Mohammed Badru \u00e0 hauteur des principaux adversaires \u00e0 l&rsquo;entr\u00e9e de la ligne droite, il ne faisait gu\u00e8re de doute que <a href=\"https:\/\/www.dna.fr\/p\/jeff-erius\" target=\"_blank\" rel=\"noopener\">Jeff Erius<\/a> m\u00e8nerait les Bleuets \u00e0 la victoire.<\/p>\n<p>Le gamin du Neuhof a rel\u00e9gu\u00e9 l&rsquo;Allemand Heiko Gussmann, tout de m\u00eame meilleur performer europ\u00e9en espoir de l&rsquo;ann\u00e9e, \u00e0 37 centi\u00e8mes, et l&rsquo;Espagnol Marc Escandell \u00e0 43 centi\u00e8mes. Un gouffre en mati\u00e8re de sprint.<\/p>\n<p>Record de France et d&rsquo;Europe espoir !<\/p>\n<p>Jeff Erius parach\u00e8ve ainsi une performance collective remarquable, Maxime Rebierre et Yoran Kabengele Kabala ayant lanc\u00e9 le relais comme il se doit, malgr\u00e9 un passage plut\u00f4t moyen entre eux.<\/p>\n<p>En 38\u00a0\u00bb43, le quatuor fran\u00e7ais s&rsquo;est offert ni plus ni moins le record des championnats, le record de France espoir et le record d&rsquo;Europe espoir\u00a0!<\/p>\n<p>Le Strasbourgeois du Lille M\u00e9tropole, entra\u00een\u00e9 au p\u00f4le espoir de Poitiers par Fabien Lambolez, d\u00e9croche surtout <a href=\"https:\/\/www.dna.fr\/sport\/2025\/07\/18\/une-premiere-consecration-avec-eclat-pour-jeff-erius\" target=\"_blank\" rel=\"noopener\">deux des trois m\u00e9dailles d&rsquo;or fran\u00e7aises<\/a> \u00e0 quelques heures de la fin des championnats.<\/p>\n<p>En d\u00e9but de soir\u00e9e, le Colmarien du Nancy M\u00e9tropole Maxime Wassmer, tr\u00e8s en vue en s\u00e9rie dimanche matin, pourrait lui aussi monter sur le podium, au sein du relais 4X400m.<\/p>\n","protected":false},"excerpt":{"rendered":"Du cousu main, ce relais ! R\u00e9ceptionnant le t\u00e9moin des mains de Mohammed Badru \u00e0 hauteur des principaux&hellip;\n","protected":false},"author":2,"featured_media":261794,"comment_status":"","ping_status":"","sticky":false,"template":"","format":"standard","meta":{"footnotes":""},"categories":[2820],"tags":[1111,11,4132,2649,2880,1777,674,107,1701,1795,1011,27,775,12,25,517,640],"class_list":{"0":"post-261793","1":"post","2":"type-post","3":"status-publish","4":"format-standard","5":"has-post-thumbnail","7":"category-strasbourg","8":"tag-actu","9":"tag-actualites","10":"tag-athletisme","11":"tag-bas-rhin","12":"tag-edition-strasbourg","13":"tag-eu","14":"tag-europe","15":"tag-fil-info","16":"tag-fil-info-sport","17":"tag-fil-web","18":"tag-fr","19":"tag-france","20":"tag-grand-est","21":"tag-news","22":"tag-republique-francaise","23":"tag-sport","24":"tag-strasbourg"},"share_on_mastodon":{"url":"https:\/\/pubeurope.com\/@fr\/114887299341187610","error":""},"_links":{"self":[{"href":"https:\/\/www.europesays.com\/fr\/wp-json\/wp\/v2\/posts\/261793","targetHints":{"allow":["GET"]}}],"collection":[{"href":"https:\/\/www.europesays.com\/fr\/wp-json\/wp\/v2\/posts"}],"about":[{"href":"https:\/\/www.europesays.com\/fr\/wp-json\/wp\/v2\/types\/post"}],"author":[{"embeddable":true,"href":"https:\/\/www.europesays.com\/fr\/wp-json\/wp\/v2\/users\/2"}],"replies":[{"embeddable":true,"href":"https:\/\/www.europesays.com\/fr\/wp-json\/wp\/v2\/comments?post=261793"}],"version-history":[{"count":0,"href":"https:\/\/www.europesays.com\/fr\/wp-json\/wp\/v2\/posts\/261793\/revisions"}],"wp:featuredmedia":[{"embeddable":true,"href":"https:\/\/www.europesays.com\/fr\/wp-json\/wp\/v2\/media\/261794"}],"wp:attachment":[{"href":"https:\/\/www.europesays.com\/fr\/wp-json\/wp\/v2\/media?parent=261793"}],"wp:term":[{"taxonomy":"category","embeddable":true,"href":"https:\/\/www.europesays.com\/fr\/wp-json\/wp\/v2\/categories?post=261793"},{"taxonomy":"post_tag","embeddable":true,"href":"https:\/\/www.europesays.com\/fr\/wp-json\/wp\/v2\/tags?post=261793"}],"curies":[{"name":"wp","href":"https:\/\/api.w.org\/{rel}","templated":true}]}}