{"id":261809,"date":"2025-07-20T20:00:10","date_gmt":"2025-07-20T20:00:10","guid":{"rendered":"https:\/\/www.europesays.com\/fr\/261809\/"},"modified":"2025-07-20T20:00:10","modified_gmt":"2025-07-20T20:00:10","slug":"quand-tamara-al-saadi-utilise-antigone-pour-denoncer-les-dysfonctionnements-de-lase","status":"publish","type":"post","link":"https:\/\/www.europesays.com\/fr\/261809\/","title":{"rendered":"quand Tamara Al Saadi utilise Antigone pour d\u00e9noncer les dysfonctionnements de l&rsquo;ASE"},"content":{"rendered":"<p>Faut-il taire ou ne pas taire les injustices faites aux plus faibles dont on peut \u00eatre t\u00e9moin\u00a0? En s\u2019emparant de la figure d\u2019Antigone, la rebelle qui dit non au roi Cr\u00e9on, <a href=\"https:\/\/www.laprovence.com\/article\/sortie-loisirs\/1244546737815815\/marseille-carte-blanche-a-tamara-al-saadi\" target=\"_blank\" rel=\"noopener\">Tamara Al Saadi<\/a>, artiste associ\u00e9e au <a href=\"https:\/\/www.laprovence.com\/article\/culture-loisirs\/2905839939318514\/drame-de-la-rue-d-aubagne-grands-classiques-et-concerts-la-criee-a-marseille-devoile-sa-saison-2025-2026\" target=\"_blank\" rel=\"noopener\">th\u00e9\u00e2tre La Cri\u00e9e \u00e0 Marseille<\/a>, a choisi la deuxi\u00e8me option. Elle fait dialoguer la figure antique d\u2019Eschyle incarn\u00e9e par Mayya Sanbar avec une adolescente d\u2019aujourd\u2019hui, Eden, jou\u00e9e par Chlo\u00e9 Monteiro pour <strong>d\u00e9noncer les dysfonctionnements tragiques du syst\u00e8me public fran\u00e7ais de l\u2019Aide sociale \u00e0 l\u2019enfance<\/strong> et les maltraitances subies par les enfants plac\u00e9s en foyer. Cr\u00e9\u00e9e \u00e0 La Cri\u00e9e \u00e0 Marseille et produite par ExtraP\u00f4le, collectif de sc\u00e8nes de la R\u00e9gion sud, la pi\u00e8ce est aujourd\u2019hui \u00e0 l\u2019affiche de la <a href=\"https:\/\/www.laprovence.com\/article\/culture-loisirs\/18644552200266\/79e-edition-du-festival-davignon-le-debat-est-un-tresor-le-directeur-dresse-le-panorama-des-3-semaines-de-festivites\" target=\"_blank\" rel=\"noopener\">79e \u00e9dition du Festival d\u2019Avignon.<\/a><\/p>\n","protected":false},"excerpt":{"rendered":"Faut-il taire ou ne pas taire les injustices faites aux plus faibles dont on peut \u00eatre t\u00e9moin\u00a0? En&hellip;\n","protected":false},"author":2,"featured_media":261810,"comment_status":"","ping_status":"","sticky":false,"template":"","format":"standard","meta":{"footnotes":""},"categories":[2814],"tags":[17,40155,1111,11,251,1777,674,849,1011,27,3053,884,12,882,25,40154,40153,40151,40152],"class_list":{"0":"post-261809","1":"post","2":"type-post","3":"status-publish","4":"format-standard","5":"has-post-thumbnail","7":"category-marseille","8":"tag-17","9":"tag-23-juillet","10":"tag-actu","11":"tag-actualites","12":"tag-culture","13":"tag-eu","14":"tag-europe","15":"tag-festival","16":"tag-fr","17":"tag-france","18":"tag-lart","19":"tag-marseille","20":"tag-news","21":"tag-provence-alpes-cote-dazur","22":"tag-republique-francaise","23":"tag-sindigner","24":"tag-saadi","25":"tag-taire","26":"tag-tamara"},"share_on_mastodon":{"url":"https:\/\/pubeurope.com\/@fr\/114887342445887334","error":""},"_links":{"self":[{"href":"https:\/\/www.europesays.com\/fr\/wp-json\/wp\/v2\/posts\/261809","targetHints":{"allow":["GET"]}}],"collection":[{"href":"https:\/\/www.europesays.com\/fr\/wp-json\/wp\/v2\/posts"}],"about":[{"href":"https:\/\/www.europesays.com\/fr\/wp-json\/wp\/v2\/types\/post"}],"author":[{"embeddable":true,"href":"https:\/\/www.europesays.com\/fr\/wp-json\/wp\/v2\/users\/2"}],"replies":[{"embeddable":true,"href":"https:\/\/www.europesays.com\/fr\/wp-json\/wp\/v2\/comments?post=261809"}],"version-history":[{"count":0,"href":"https:\/\/www.europesays.com\/fr\/wp-json\/wp\/v2\/posts\/261809\/revisions"}],"wp:featuredmedia":[{"embeddable":true,"href":"https:\/\/www.europesays.com\/fr\/wp-json\/wp\/v2\/media\/261810"}],"wp:attachment":[{"href":"https:\/\/www.europesays.com\/fr\/wp-json\/wp\/v2\/media?parent=261809"}],"wp:term":[{"taxonomy":"category","embeddable":true,"href":"https:\/\/www.europesays.com\/fr\/wp-json\/wp\/v2\/categories?post=261809"},{"taxonomy":"post_tag","embeddable":true,"href":"https:\/\/www.europesays.com\/fr\/wp-json\/wp\/v2\/tags?post=261809"}],"curies":[{"name":"wp","href":"https:\/\/api.w.org\/{rel}","templated":true}]}}