{"id":261813,"date":"2025-07-20T20:02:11","date_gmt":"2025-07-20T20:02:11","guid":{"rendered":"https:\/\/www.europesays.com\/fr\/261813\/"},"modified":"2025-07-20T20:02:11","modified_gmt":"2025-07-20T20:02:11","slug":"a-venissieux-une-marche-blanche-en-hommage-a-kilyan-tue-dans-un-accident","status":"publish","type":"post","link":"https:\/\/www.europesays.com\/fr\/261813\/","title":{"rendered":"\u00e0 V\u00e9nissieux, une marche blanche en hommage \u00e0 Kilyan, tu\u00e9 dans un accident"},"content":{"rendered":"<p>Les larmes venues du ciel orageux auront \u00e9t\u00e9 en symbiose avec celles de la foule au sol, contenues. La marche blanche organis\u00e9e dimanche apr\u00e8s-midi aux Minguettes, \u00e0 V\u00e9nissieux, en hommage \u00e0 Kilyan, 17 ans, tu\u00e9 une semaine plus t\u00f4t lors d\u2019un <a href=\"https:\/\/www.leprogres.fr\/faits-divers-justice\/2025\/07\/18\/mort-de-kilyan-a-venissieux-pas-de-voiture-impliquee-dans-l-accident-selon-le-parquet\" target=\"_blank\" rel=\"nofollow noopener\">accident de la route<\/a> dans son quartier, se voulait expressive.<\/p>\n<p>Quelque 200 participants (chiffre police), arborant une touche de bleu, couleur de c\u0153ur\u00a0de l\u2019adolescent en lien avec son \u00e9quipe pr\u00e9f\u00e9r\u00e9e de basket, ont progress\u00e9 pendant une heure, sur le plateau des Minguettes, un quartier populaire de l\u2019Est lyonnais.<\/p>\n<p>\u00c0 l\u2019avant, une voiture diffusait du rap, tandis qu\u2019\u00e0 l\u2019arri\u00e8re, le cort\u00e8ge \u00e9tait emmen\u00e9 par des instruments de percussion, avec des sonorit\u00e9s guadeloup\u00e9ennes, en r\u00e9f\u00e9rence aux origines de la famille du d\u00e9funt. Plusieurs proches ont d\u2019ailleurs fait le d\u00e9placement des Antilles pour lui rendre hommage.<\/p>\n<p>\u00ab\u00a0Le chouchou de la famille\u00a0\u00bb<\/p>\n<p>L\u2019a\u00een\u00e9 d\u2019une fratrie de quatre enfants avait vite pris ses marques dans l\u2019agglom\u00e9ration&#8230;<\/p>\n","protected":false},"excerpt":{"rendered":"Les larmes venues du ciel orageux auront \u00e9t\u00e9 en symbiose avec celles de la foule au sol, contenues.&hellip;\n","protected":false},"author":2,"featured_media":261814,"comment_status":"","ping_status":"","sticky":false,"template":"","format":"standard","meta":{"footnotes":""},"categories":[1889],"tags":[119,1111,11,2430,3152,1777,674,274,107,1011,27,2428,12,25,2429,4375,4407],"class_list":{"0":"post-261813","1":"post","2":"type-post","3":"status-publish","4":"format-standard","5":"has-post-thumbnail","7":"category-lyon","8":"tag-accident","9":"tag-actu","10":"tag-actualites","11":"tag-auvergne-rhone-alpes","12":"tag-edition-est-lyonnais","13":"tag-eu","14":"tag-europe","15":"tag-faits-divers-justice","16":"tag-fil-info","17":"tag-fr","18":"tag-france","19":"tag-lyon","20":"tag-news","21":"tag-republique-francaise","22":"tag-rhone","23":"tag-venissieux","24":"tag-venissieux-bassin"},"share_on_mastodon":{"url":"https:\/\/pubeurope.com\/@fr\/114887350507515871","error":""},"_links":{"self":[{"href":"https:\/\/www.europesays.com\/fr\/wp-json\/wp\/v2\/posts\/261813","targetHints":{"allow":["GET"]}}],"collection":[{"href":"https:\/\/www.europesays.com\/fr\/wp-json\/wp\/v2\/posts"}],"about":[{"href":"https:\/\/www.europesays.com\/fr\/wp-json\/wp\/v2\/types\/post"}],"author":[{"embeddable":true,"href":"https:\/\/www.europesays.com\/fr\/wp-json\/wp\/v2\/users\/2"}],"replies":[{"embeddable":true,"href":"https:\/\/www.europesays.com\/fr\/wp-json\/wp\/v2\/comments?post=261813"}],"version-history":[{"count":0,"href":"https:\/\/www.europesays.com\/fr\/wp-json\/wp\/v2\/posts\/261813\/revisions"}],"wp:featuredmedia":[{"embeddable":true,"href":"https:\/\/www.europesays.com\/fr\/wp-json\/wp\/v2\/media\/261814"}],"wp:attachment":[{"href":"https:\/\/www.europesays.com\/fr\/wp-json\/wp\/v2\/media?parent=261813"}],"wp:term":[{"taxonomy":"category","embeddable":true,"href":"https:\/\/www.europesays.com\/fr\/wp-json\/wp\/v2\/categories?post=261813"},{"taxonomy":"post_tag","embeddable":true,"href":"https:\/\/www.europesays.com\/fr\/wp-json\/wp\/v2\/tags?post=261813"}],"curies":[{"name":"wp","href":"https:\/\/api.w.org\/{rel}","templated":true}]}}