{"id":261819,"date":"2025-07-20T20:07:11","date_gmt":"2025-07-20T20:07:11","guid":{"rendered":"https:\/\/www.europesays.com\/fr\/261819\/"},"modified":"2025-07-20T20:07:11","modified_gmt":"2025-07-20T20:07:11","slug":"tout-le-monde-sest-mis-a-courir-les-temoins-sous-le-choc-apres-quune-voiture-a-fonce-dans-la-foule-a-los-angeles","status":"publish","type":"post","link":"https:\/\/www.europesays.com\/fr\/261819\/","title":{"rendered":"\u00ab\u00a0Tout le monde s\u2019est mis \u00e0 courir\u00a0\u00bb\u00a0: les t\u00e9moins sous le choc, apr\u00e8s qu\u2019une voiture a fonc\u00e9 dans la foule \u00e0 Los Angeles"},"content":{"rendered":"<p class=\"paragraph text_align_left lp-f-body-02\">L\u2019effroi, en pleine nuit festive. <a href=\"https:\/\/www.leparisien.fr\/faits-divers\/los-angeles-une-voiture-fonce-dans-la-foule-au-moins-20-blesses-19-07-2025-PEOS2JBM7FEOBMABDP6EPQWJEI.php\" target=\"_blank\" rel=\"noreferrer noopener\">Une voiture a fonc\u00e9 samedi sur un groupe de personnes<\/a> rassembl\u00e9es devant une bo\u00eete de nuit \u00e0 Los Angeles, faisant au moins 30 bless\u00e9s. Le conducteur, bless\u00e9 par balle dans la confusion qui a suivi, a \u00e9t\u00e9 <a href=\"https:\/\/www.leparisien.fr\/faits-divers\/une-voiture-fonce-dans-la-foule-a-los-angeles-le-conducteur-inculpe-pour-violences-volontaires-avec-arme-20-07-2025-FHKOCOMPZZDH7IKUKQBX4VWAOI.php\" target=\"_blank\" rel=\"noreferrer noopener\">inculp\u00e9 pour violences volontaires<\/a>. Peu avant l\u2019incident, une bagarre avait \u00e9clat\u00e9 \u00e0 l\u2019ext\u00e9rieur d\u2019une bo\u00eete de nuit sur le tr\u00e8s anim\u00e9 boulevard Vermont \u00e0 East Hollywood.<\/p>\n<p class=\"paragraph text_align_left lp-f-body-02\">Maria Medrano et son mari vendaient tous deux des hot dogs \u00e0 c\u00f4t\u00e9 du club. Peu apr\u00e8s l\u2019incident, une voiture a fonc\u00e9, percutant un groupe de personnes qui se trouvaient pr\u00e8s d\u2019eux. Dans sa lanc\u00e9e, le v\u00e9hicule a \u00e9galement heurt\u00e9 leur stand, a pr\u00e9cis\u00e9 la vendeuse aupr\u00e8s de l\u2019Associated Press. Elle et son mari ont \u00e9chapp\u00e9 de justesse au drame.<\/p>\n<p>\u00ab On a entendu une forte d\u00e9tonation \u00bb<\/p>\n<p class=\"paragraph text_align_left lp-f-body-02\">\u00ab La voiture s\u2019est arr\u00eat\u00e9e apr\u00e8s avoir heurt\u00e9 le stand et elle est rest\u00e9e coinc\u00e9e l\u00e0 \u00bb, a d\u00e9clar\u00e9 Maria Medrano depuis l\u2019h\u00f4pital. \u00ab Sinon, je ne serais pas l\u00e0 pour vous raconter l\u2019histoire \u00bb. La t\u00e9moin a indiqu\u00e9 avoir entendu ce qui semblait \u00eatre des coups de feu apr\u00e8s l\u2019accident. \u00ab Tout le monde s\u2019est mis \u00e0 courir \u00bb, se rappelle-t-elle. Une d\u00e9flagration que d\u00e9crit encore un autre t\u00e9moin aupr\u00e8s de <a href=\"https:\/\/www.cbsnews.com\/losangeles\/news\/los-angeles-vehicle-crowd-hollywood\/\" target=\"_blank\" rel=\"noreferrer noopener\">CBS News<\/a> qui a pr\u00e9f\u00e9r\u00e9 garder l\u2019anonymat.<\/p>\n<p class=\"paragraph text_align_left lp-f-body-02\">\u00ab On a entendu une forte d\u00e9tonation et on s\u2019est tous mis \u00e0 se baisser. On pense alors \u00e0 des coups de feu \u00bb, a-t-il d\u00e9clar\u00e9, cit\u00e9 par la cha\u00eene am\u00e9ricaine. \u00ab On n\u2019en croit pas nos yeux, car 20 secondes de plus, \u00e7a aurait \u00e9t\u00e9 nous \u00bb. L\u2019homme suspect\u00e9 d\u2019avoir tir\u00e9, aurait pris la fuite, selon la police.<\/p>\n<p class=\"lp-card-podcast-highlighting__title  lp-f-subtitle-05\">[4\/4] L\u2019attentat du \u00ab\u00a0Rainbow Warrior\u00a0\u00bb\u00a0: un scandale d\u2019\u00c9tat<\/p>\n<p class=\"lp-card-podcast-highlighting__description lp-f-ui-05\">Crime story raconte chaque semaine les grandes affaires criminelles.<\/p>\n<p><a class=\"lp-card-podcast-highlighting__call-to-action\" data-page-type=\"HP\" data-block-name=\"podcast-highlight\">\u00c9couter<\/a>Des h\u00e9licopt\u00e8res qui survolent la sc\u00e8ne<\/p>\n<p class=\"paragraph text_align_left lp-f-body-02\">Ryan Smith qui vit dans un appartement en face du club, a assist\u00e9 \u00e0 une sc\u00e8ne \u00ab chaotique et confuse \u00bb depuis son balcon, juste apr\u00e8s l\u2019accident. Il a aper\u00e7u une foule de gens sur le trottoir devant l\u2019entr\u00e9e du club. \u00ab J\u2019ai cru \u00e0 une bagarre \u00bb, a d\u00e9clar\u00e9 l\u2019homme de 34 ans au <a href=\"https:\/\/www.nytimes.com\/2025\/07\/19\/us\/los-angeles-vehicle-crowd.html\" target=\"_blank\" rel=\"noreferrer noopener\">New York Times<\/a>. Peu apr\u00e8s, des h\u00e9licopt\u00e8res ont survol\u00e9 la sc\u00e8ne et la police est arriv\u00e9e en masse, a-t-il pr\u00e9cis\u00e9.<\/p>\n<p class=\"paragraph text_align_left lp-f-body-02\">L\u2019angoisse a gagn\u00e9 \u00e9galement l\u2019int\u00e9rieur de la bo\u00eete de nuit. Un homme qui se trouvait dans le club a d\u00e9clar\u00e9 \u00e0 <a href=\"https:\/\/www.nbcnews.com\/news\/us-news\/vehicle-drives-crowd-los-angeles-injuring-20-rcna219740\" target=\"_blank\" rel=\"noreferrer noopener\">NBC News<\/a> qu\u2019il avait entendu une \u00ab forte d\u00e9tonation \u00bb et qu\u2019une foule de personnes s\u2019\u00e9tait baiss\u00e9e \u00e0 l\u2019int\u00e9rieur, croyant avoir entendu des coups de feu.<\/p>\n<p>\u00ab Et l\u00e0, c\u2019est dingue, il y a des gens partout, allong\u00e9s \u00bb<\/p>\n<p class=\"paragraph text_align_left lp-f-body-02\">\u00ab On sort du club, et l\u00e0 on voit juste devant nous une voiture comme engouffr\u00e9e \u00bb, a-t-il dit. \u00ab Et l\u00e0, c\u2019est dingue, il y a des gens partout, allong\u00e9s, inconscients, en train de saigner, etc. \u00bb, a-t-il d\u00e9crit aupr\u00e8s de la cha\u00eene am\u00e9ricaine. Une vendeuse de bijoux, Jennifer Garcia s\u2019est rendu vers 3 heures du matin sur le boulevard pour pr\u00e9parer son stand du march\u00e9 aux puces qui a lieu le week-end. La voiture ayant fonc\u00e9 sur la foule se trouvait immobilis\u00e9e \u00e0 son emplacement habituel, pr\u00e8s du Vermont club.<\/p>\n<p class=\"paragraph text_align_left lp-f-body-02\">\u00ab D\u2019habitude, je suis juste devant la bo\u00eete de nuit \u00bb, a-t-elle pr\u00e9cis\u00e9 au <a href=\"https:\/\/www.latimes.com\/california\/story\/2025-07-19\/la-me-hollywood-crash\" target=\"_blank\" rel=\"noreferrer noopener\">Los Angeles Times<\/a>. \u00ab Mais je suis arriv\u00e9 et j\u2019ai vu tous ces camions de pompiers et je me suis dit : qu\u2019est-ce qui ne va pas ? \u00bb, raconte-t-elle au quotidien.<\/p>\n<p class=\"paragraph text_align_left lp-f-body-02\">D\u2019apr\u00e8s le journal local, le march\u00e9 aux puces s\u2019est tenu comme pr\u00e9vu samedi matin sur une large partie de l\u2019avenue, mais des signes de l\u2019accident qui avait eu lieu quelques heures plus t\u00f4t \u00e9taient toujours visibles. Parmi eux, les passants ont remarqu\u00e9 les marques toujours visibles d\u2019une mare de sang.<\/p>\n","protected":false},"excerpt":{"rendered":"L\u2019effroi, en pleine nuit festive. Une voiture a fonc\u00e9 samedi sur un groupe de personnes rassembl\u00e9es devant une&hellip;\n","protected":false},"author":2,"featured_media":261820,"comment_status":"","ping_status":"","sticky":false,"template":"","format":"standard","meta":{"footnotes":""},"categories":[1888],"tags":[1111,1928,11,1927,1777,674,118,1011,27,12,1926,626,1925,25,2955],"class_list":{"0":"post-261819","1":"post","2":"type-post","3":"status-publish","4":"format-standard","5":"has-post-thumbnail","7":"category-paris","8":"tag-actu","9":"tag-actu-paris","10":"tag-actualites","11":"tag-actualites-paris","12":"tag-eu","13":"tag-europe","14":"tag-faits-divers","15":"tag-fr","16":"tag-france","17":"tag-news","18":"tag-news-paris","19":"tag-paris","20":"tag-paris-news","21":"tag-republique-francaise","22":"tag-videos"},"share_on_mastodon":{"url":"https:\/\/pubeurope.com\/@fr\/114887369980431386","error":""},"_links":{"self":[{"href":"https:\/\/www.europesays.com\/fr\/wp-json\/wp\/v2\/posts\/261819","targetHints":{"allow":["GET"]}}],"collection":[{"href":"https:\/\/www.europesays.com\/fr\/wp-json\/wp\/v2\/posts"}],"about":[{"href":"https:\/\/www.europesays.com\/fr\/wp-json\/wp\/v2\/types\/post"}],"author":[{"embeddable":true,"href":"https:\/\/www.europesays.com\/fr\/wp-json\/wp\/v2\/users\/2"}],"replies":[{"embeddable":true,"href":"https:\/\/www.europesays.com\/fr\/wp-json\/wp\/v2\/comments?post=261819"}],"version-history":[{"count":0,"href":"https:\/\/www.europesays.com\/fr\/wp-json\/wp\/v2\/posts\/261819\/revisions"}],"wp:featuredmedia":[{"embeddable":true,"href":"https:\/\/www.europesays.com\/fr\/wp-json\/wp\/v2\/media\/261820"}],"wp:attachment":[{"href":"https:\/\/www.europesays.com\/fr\/wp-json\/wp\/v2\/media?parent=261819"}],"wp:term":[{"taxonomy":"category","embeddable":true,"href":"https:\/\/www.europesays.com\/fr\/wp-json\/wp\/v2\/categories?post=261819"},{"taxonomy":"post_tag","embeddable":true,"href":"https:\/\/www.europesays.com\/fr\/wp-json\/wp\/v2\/tags?post=261819"}],"curies":[{"name":"wp","href":"https:\/\/api.w.org\/{rel}","templated":true}]}}