{"id":261821,"date":"2025-07-20T20:08:10","date_gmt":"2025-07-20T20:08:10","guid":{"rendered":"https:\/\/www.europesays.com\/fr\/261821\/"},"modified":"2025-07-20T20:08:10","modified_gmt":"2025-07-20T20:08:10","slug":"quelles-perturbations-prevoir-pour-la-ratp-et-la-sncf-cette-semaine-24","status":"publish","type":"post","link":"https:\/\/www.europesays.com\/fr\/261821\/","title":{"rendered":"Quelles perturbations pr\u00e9voir pour la RATP et la SNCF cette semaine\u00a0?"},"content":{"rendered":"<p>En pleine p\u00e9riode estivale, les touristes affluent dans la capitale et les transports de Paris et d\u2019\u00cele-de-France connaissent quelques changements en raison de travaux. Le trafic est notamment perturb\u00e9 dans le m\u00e9tro, le RER, le Transilien et le tramway du 21 au 27\u00a0juillet. Voici les changements \u00e0 prendre en compte afin d\u2019appr\u00e9hender au mieux vos trajets sur les lignes de la RATP et de la SNCF.<\/p>\n<p>M\u00e9tro<\/p>\n<ul>\n<li>Ligne 3\u00a0: jusqu\u2019au 3\u00a0ao\u00fbt, le trafic sera interrompu entre Op\u00e9ra et Gallieni (travaux). Des bus seront mis en place entre R\u00e9publique et Gallieni.<\/li>\n<li>Ligne 6\u00a0: jusqu\u2019au 28\u00a0septembre, l\u2019arr\u00eat ne sera pas desservi \u00e0 Cambronne (travaux).<\/li>\n<li>Ligne 7\u00a0: du lundi\u00a021 au jeudi 24\u00a0juillet, le trafic sera interrompu entre <a href=\"https:\/\/www.20minutes.fr\/societe\/la_courneuve\/\" class=\"color-ultramarine c-link\" target=\"_blank\" rel=\"noopener\">La\u00a0Courneuve<\/a> \u2013 8\u00a0Mai 1945 et Chauss\u00e9e d\u2019Antin \u2013 La Fayette (travaux). Des bus seront mis en place.<\/li>\n<li>Ligne 13\u00a0: jusqu\u2019au 31\u00a0ao\u00fbt, les acc\u00e8s \u00e0 la station Gabriel P\u00e9ri seront ferm\u00e9s en raison de travaux. Du lundi 21\u00a0juillet au dimanche 27\u00a0juillet, les acc\u00e8s \u00e0 la station Pernety sont ferm\u00e9s (travaux).<\/li>\n<li>Ligne 14\u00a0: du lundi\u00a021 au mercredi 23\u00a0juillet, \u00e0 partir de 22 heures, le trafic sera interrompu sur l\u2019ensemble de la ligne (travaux).<\/li>\n<\/ul>\n<p>RER<\/p>\n<ul>\n<li>RER B\u00a0: jusqu\u2019au 31\u00a0juillet, du lundi au vendredi d\u00e8s 22h45, le trafic sera interrompu entre Gare du Nord et A\u00e9roport Charles de Gaulle 2 \u2013 TGV via Mitry \u2013 Claye (travaux). Le trafic sera interrompu entre Massy-Palaiseau et La Croix de Berny jusqu\u2019au 27\u00a0ao\u00fbt (travaux).<\/li>\n<li>RER C\u00a0: jusqu\u2019au 31\u00a0juillet, l\u2019arr\u00eat ne sera pas desservi \u00e0 Issy vers Massy \u2013 Palaiseau, Saint-Martin d\u2019\u00c9tampes et Dourdan la For\u00eat (mesures de s\u00e9curit\u00e9). Du lundi\u00a021 au vendredi 25\u00a0juillet, le trafic sera interrompu entre Dourdan et Paris Austerlitz d\u00e8s 23h55 (travaux). Le trafic sera interrompu entre Avenue Henri Martin et Montigny Beauchamp aux m\u00eames dates. Du lundi\u00a021 au vendredi 25\u00a0juillet, d\u00e8s 23 heures, le trafic sera interrompu ente Paris Austerlitz et Juvisy via Choisy le Roi. Des bus seront mis en place. Du lundi 21\u00a0juillet au dimanche 27\u00a0juillet, sauf le samedi, le trafic sera interrompu entre Paris Austerlitz et Avenue Henri Martin. Se reporter sur les lignes RER ou du train, du m\u00e9tro, du tramway ou des bus de ville. Du lundi\u00a021 au dimanche 27\u00a0juillet, le trafic sera interrompu entre Massy-Palaiseau et Pont de Rungis. Des bus seront mis en place, avec desserte des gares interm\u00e9diaires. Le trafic sera interrompu entre Paris Austerlitz et Pont de Rungis. Se reporter sur les lignes du <a href=\"https:\/\/www.20minutes.fr\/dossier\/metro\" class=\"color-ultramarine c-link\" target=\"_blank\" rel=\"noopener\">m\u00e9tro<\/a>, des tramways et de bus de ville du lundi\u00a021 au vendredi 25\u00a0juillet. Dimanche 27\u00a0juillet, le trafic est interrompu entre Dourdan et Paris Austerlitz d\u00e8s 23h55. Le samedi 26\u00a0juillet, le trafic sera interrompu entre Paris Austerlitz \u2013 Montigny Beauchamp et Pontoise. Du lundi\u00a021 au dimanche 27\u00a0juillet, sauf le samedi, le trafic sera interrompu entre Paris Austerlitz et Avenue Henri Martin.<\/li>\n<li>RER D\u00a0: du lundi\u00a021 au vendredi 25\u00a0juillet, les gares entre Paris Gare de Lyon et Villeneuve S Georges ne seront pas desservies d\u00e8s minuit. M\u00eame chose entre Paris Gare du Nord et Creil et dans l\u2019autre sens. Jusqu\u2019au 14\u00a0ao\u00fbt, du lundi au vendredi d\u00e8s 23h20, le trafic sera interrompu entre Gare du Nord et Creil (travaux). Samedi\u00a026 et dimanche 27\u00a0juillet, le trafic sera interrompu entre Combs-la-Ville \u2013 Quincy et Melun. Du lundi\u00a021 au vendredi 25\u00a0juillet, le trafic sera interrompu entre Villeneuve S Georges et Corbeil-Essonnes via Evry-Courcouronnes d\u00e8s 23h15. Du lundi\u00a021 au vendredi 25\u00a0juillet, apr\u00e8s 23 heures, les trains ne marquent pas l\u2019arr\u00eat \u00e0 Maisons-Alfort, Vert de Maisons, Cr\u00e9teil Pompadour et Villeneuve-Triage dans les deux sens de circulation. Du lundi\u00a021 au vendredi 25\u00a0juillet, de 9h30 \u00e0 16 heures, le trafic sera all\u00e9g\u00e9 entre Combs-la-Ville \u2013 Quincy et Melun. Seul un train sur deux en circulation (travaux). Vendredi 25\u00a0juillet, le trafic sera interrompu entre Combs-la-Ville \u2013 Quincy et Melun. Des bus seront mis en place (travaux).<\/li>\n<li>RER E\u00a0: du lundi au vendredi, \u00e0 partir de 21 heures, le trafic sera interrompu entre Nanterre-La-Folie et Tournan\/Villiers-sur-Marne (travaux). Samedi\u00a026 et dimanche 27\u00a0juillet, le trafic sera interrompu entre Nanterre-la-Folie et Chelles Gournay \u00e0 partir de 23h45. Tous les jours \u00e0 partir de 22h10, samedi 26\u00a0juillet et dimanche 27\u00a0juillet, le trafic sera interrompu entre Nanterre-La-Folie et Tournan. Le vendredi 25\u00a0juillet, \u00e0 partir de 21 heures, le trafic sera interrompu entre Nanterre-La-Folie et <a href=\"https:\/\/www.20minutes.fr\/dossier\/villiers_sur_marne\" class=\"color-ultramarine c-link\" target=\"_blank\" rel=\"noopener\">Villiers-sur-Marne<\/a>.<\/li>\n<\/ul>\n<p>Transilien<\/p>\n<ul>\n<li>Ligne H\u00a0: du lundi\u00a021 au vendredi 25\u00a0juillet, le trafic sera interrompu entre Paris Gare du Nord et <a href=\"https:\/\/www.20minutes.fr\/dossier\/pontoise\" class=\"color-ultramarine c-link\" target=\"_blank\" rel=\"noopener\">Pontoise<\/a> en soir\u00e9e. M\u00eame chose entre Paris Gare du Nord et Persan \u2013 Beaumont via Montsoult \u2013 Maffliers. Il en va de m\u00eame entre Paris Gare du Nord et Luzarches et entre Paris Gare du Nord et Persan \u2013 Beaumont via Valmondois. Samedi\u00a026 et dimanche 27\u00a0juillet, le trafic sera interrompu entre Paris Gare du Nord et <a href=\"https:\/\/www.20minutes.fr\/societe\/sarcelles\/\" class=\"color-ultramarine c-link\" target=\"_blank\" rel=\"noopener\">Sarcelles<\/a> \u2013 Saint-Brice.<\/li>\n<li>Ligne J\u00a0: jusqu\u2019au 8\u00a0ao\u00fbt, du lundi au vendredi d\u00e8s 21h40, le trafic sera interrompu entre Gare Saint-Lazare et Mantes-la-Jolie via Poissy. Des bus seront mis en place. Jusqu\u2019au 8\u00a0ao\u00fbt, du lundi au vendredi d\u00e8s 21h15, le trafic est interrompu entre Mantes-la-Jolie et Issou \u2013 Porcheville vers Vernon \u2013 Giverny et <a href=\"https:\/\/www.20minutes.fr\/dossier\/gare_saint_lazare-1\" class=\"color-ultramarine c-link\" target=\"_blank\" rel=\"noopener\">Gare Saint-Lazare<\/a>. Des bus seront mis en place.<\/li>\n<li>Ligne K\u00a0: du lundi 19\u00a0mai au vendredi 19\u00a0d\u00e9cembre en soir\u00e9e. Le trafic sera interrompu entre Paris Gare du Nord et Cr\u00e9py-en-Valois.<\/li>\n<li>Ligne L\u00a0: du lundi\u00a021 au vendredi 25\u00a0juillet, le trafic sera interrompu entre Paris Saint-Lazare et La D\u00e9fense d\u00e8s 21h40.<\/li>\n<li>Ligne N\u00a0: du lundi\u00a021 au vendredi 25\u00a0juillet, le trafic sera interrompu de Paris Montparnasse vers Mantes-la-Jolie \u00e0 partir de 21 heures. M\u00eame chose \u00e0 partir de 22 heures entre Paris Montparnasse et Dreux. A partir de 22h30, du lundi\u00a021 au vendredi 25\u00a0juillet, le trafic est interrompu entre Paris Montparnasse et Rambouillet.<\/li>\n<li>Ligne P\u00a0: du lundi\u00a021 au dimanche 27\u00a0juillet, le trafic sera interrompu entre Meaux et La Fert\u00e9-Milon. Samedi 26\u00a0juillet, le trafic sera interrompu entre Paris Est et Meaux \u00e0 partir de 22h50. Du lundi\u00a021 au vendredi 25\u00a0juillet, le trafic sera interrompu entre Paris Est et <a href=\"https:\/\/www.20minutes.fr\/dossier\/meaux\" class=\"color-ultramarine c-link\" target=\"_blank\" rel=\"noopener\">Meaux<\/a> d\u00e8s 22h20. Samedi\u00a026 et dimanche 27\u00a0juillet, \u00e0 partir de 23 heures, le trafic sera interrompu entre Paris Est et Ch\u00e2teau-Thierry. Le trafic sera interrompu entre Paris Est et Provins en semaine \u00e0 partir de 20h45. Jusqu\u2019au 1er\u00a0ao\u00fbt, du lundi au vendredi d\u00e8s 22 heures, le trafic sera interrompu entre Ch\u00e2teau-Thierry et Gare de l\u2019Est. Des bus seront mis en place. Tous les jours \u00e0 partir de 21h30, du lundi 21\u00a0juillet au dimanche 17\u00a0ao\u00fbt, le trafic sera interrompu entre Paris Est et Coulommiers. Samedi\u00a026 et dimanche 27\u00a0juillet, \u00e0 partir de 21h45, le trafic sera interrompu entre Paris Est et Provins.<\/li>\n<li>Ligne R\u00a0: du lundi\u00a021 au vendredi 25\u00a0juillet, de 10h25 \u00e0 15h30, le trafic sera interrompu entre Melun et Montereau. Du lundi\u00a021 au vendredi 25\u00a0juillet, le trafic sera interrompu entre Moret Veneux les S. et Montargis \u00e0 partir de minuit. Du lundi\u00a021 au vendredi 25\u00a0juillet, le trafic sera interrompu entre Melun et Montereau via Moret Veneux les S d\u00e8s 23h15.<\/li>\n<li>Ligne U\u00a0: du lundi\u00a021 au vendredi 25\u00a0juillet. Le trafic sera interrompu entre <a href=\"https:\/\/www.20minutes.fr\/dossier\/la_defense\" class=\"color-ultramarine c-link\" target=\"_blank\" rel=\"noopener\">La D\u00e9fense<\/a> et La Verri\u00e8re d\u00e8s 21h30.<\/li>\n<\/ul>\n<p>Tramway<\/p>\n<ul>\n<li>T1\u00a0: le trafic sera interrompu entre Asni\u00e8res \u2013 Quatre Routes et Gare de Saint-Denis et perturb\u00e9 sur le reste de la ligne (d\u00e9gradation par un tiers \u00e0 L\u2019\u00cele-Saint-Denis). Aucune reprise de pr\u00e9vue jusqu\u2019\u00e0 nouvel ordre. Jusqu\u2019au jeudi 31\u00a0juillet, le trafic sera interrompu entre <a href=\"https:\/\/www.20minutes.fr\/dossier\/hopital\" class=\"color-ultramarine c-link\" target=\"_blank\" rel=\"noopener\">H\u00f4pital<\/a> Delafontaine et Saint-Denis (travaux). Des bus seront mis en place,<\/li>\n<li>T2\u00a0: jusqu\u2019au 12\u00a0f\u00e9vrier 2026, le trafic sera interrompu entre Porte de Versailles et Suzanne Lenglen (travaux). Pour rejoindre la Porte de Versailles, depuis Suzanne Lenglen, rejoignez \u00e0 pied la station Balard du T3a.<\/li>\n<\/ul>\n","protected":false},"excerpt":{"rendered":"En pleine p\u00e9riode estivale, les touristes affluent dans la capitale et les transports de Paris et d\u2019\u00cele-de-France connaissent&hellip;\n","protected":false},"author":2,"featured_media":261822,"comment_status":"","ping_status":"","sticky":false,"template":"","format":"standard","meta":{"footnotes":""},"categories":[1888],"tags":[11,1777,674,1011,27,662,12,626,625,1306,25,2215],"class_list":{"0":"post-261821","1":"post","2":"type-post","3":"status-publish","4":"format-standard","5":"has-post-thumbnail","7":"category-paris","8":"tag-actualites","9":"tag-eu","10":"tag-europe","11":"tag-fr","12":"tag-france","13":"tag-ile-de-france","14":"tag-news","15":"tag-paris","16":"tag-ratp","17":"tag-regions","18":"tag-republique-francaise","19":"tag-sncf"},"share_on_mastodon":{"url":"https:\/\/pubeurope.com\/@fr\/114887373962374309","error":""},"_links":{"self":[{"href":"https:\/\/www.europesays.com\/fr\/wp-json\/wp\/v2\/posts\/261821","targetHints":{"allow":["GET"]}}],"collection":[{"href":"https:\/\/www.europesays.com\/fr\/wp-json\/wp\/v2\/posts"}],"about":[{"href":"https:\/\/www.europesays.com\/fr\/wp-json\/wp\/v2\/types\/post"}],"author":[{"embeddable":true,"href":"https:\/\/www.europesays.com\/fr\/wp-json\/wp\/v2\/users\/2"}],"replies":[{"embeddable":true,"href":"https:\/\/www.europesays.com\/fr\/wp-json\/wp\/v2\/comments?post=261821"}],"version-history":[{"count":0,"href":"https:\/\/www.europesays.com\/fr\/wp-json\/wp\/v2\/posts\/261821\/revisions"}],"wp:featuredmedia":[{"embeddable":true,"href":"https:\/\/www.europesays.com\/fr\/wp-json\/wp\/v2\/media\/261822"}],"wp:attachment":[{"href":"https:\/\/www.europesays.com\/fr\/wp-json\/wp\/v2\/media?parent=261821"}],"wp:term":[{"taxonomy":"category","embeddable":true,"href":"https:\/\/www.europesays.com\/fr\/wp-json\/wp\/v2\/categories?post=261821"},{"taxonomy":"post_tag","embeddable":true,"href":"https:\/\/www.europesays.com\/fr\/wp-json\/wp\/v2\/tags?post=261821"}],"curies":[{"name":"wp","href":"https:\/\/api.w.org\/{rel}","templated":true}]}}