{"id":261823,"date":"2025-07-20T20:09:11","date_gmt":"2025-07-20T20:09:11","guid":{"rendered":"https:\/\/www.europesays.com\/fr\/261823\/"},"modified":"2025-07-20T20:09:11","modified_gmt":"2025-07-20T20:09:11","slug":"linstallation-de-ce-carrefour-city-a-paris-prend-des-proportions-demesurees","status":"publish","type":"post","link":"https:\/\/www.europesays.com\/fr\/261823\/","title":{"rendered":"L\u2019installation de ce Carrefour City \u00e0 Paris prend des proportions d\u00e9mesur\u00e9es"},"content":{"rendered":"<p>        <img decoding=\"async\" loading=\"lazy\" src=\"https:\/\/www.europesays.com\/fr\/wp-content\/uploads\/2025\/07\/1593081_upload-1-vuusaua1ad4z-000-par3761159.jpg\"  width=\"728\" height=\"409\" alt=\"Pr\u00e8s du jardin du Luxembourg, l\u2019installation de ce Carrefour City \u00e0 Paris prend des proportions d\u00e9mesur\u00e9es. (Photo d\u2019illustration)\"\/>  <\/p>\n<p>LOIC VENANCE \/ AFP<\/p>\n<p>Pr\u00e8s du jardin du Luxembourg, l\u2019installation de ce Carrefour City \u00e0 Paris prend des proportions d\u00e9mesur\u00e9es. (Photo d\u2019illustration)<\/p>\n<p class=\"asset asset-text\">PARIS &#8211; Un probl\u00e8me de riches\u00a0? Dans un article intitul\u00e9 \u00ab\u00a0\u00c0 Paris, les tr\u00e8s chics opposants \u00e0 une future <a href=\"https:\/\/www.huffingtonpost.fr\/economie\/article\/en-soutien-aux-agriculteurs-carrefour-ne-vendra-pas-de-viande-en-provenance-du-mercosur-a-annonce-son-pdg_242515.html\" target=\"_blank\" rel=\"noopener nofollow\" title=\"Nouvelle fen\u00eatre\">sup\u00e9rette<\/a>\u00a0\u00bb,<a href=\"https:\/\/www.lemonde.fr\/m-le-mag\/article\/2025\/07\/19\/a-paris-les-tres-chics-opposants-a-une-superette-pres-du-jardin-du-luxembourg_6622120_4500055.html\" target=\"_blank\" rel=\"noopener nofollow\" title=\"Nouvelle fen\u00eatre\"> Le Monde<\/a> signalait l\u2019existence ce samedi 19\u00a0juillet d\u2019une p\u00e9tition, sign\u00e9e par des riverains des rues de Vavin et Br\u00e9a, dans le<a href=\"https:\/\/www.huffingtonpost.fr\/life\/article\/emily-in-paris-chamere-le-cocktail-de-la-serie-netflix-interdit-de-commercialisation-en-france_244474.html\" target=\"_blank\" rel=\"noopener nofollow\" title=\"Nouvelle fen\u00eatre\"> VIe arrondissement<\/a>, s\u2019opposant \u00e0 l\u2019ouverture d\u2019un Carrefour City.<\/p>\n<p class=\"asset asset-text\">Tr\u00e8s vite, la p\u00e9tition a fait parler d\u2019elle, dans la presse fran\u00e7aise et sur les r\u00e9seaux sociaux. Raison premi\u00e8re de cette forte m\u00e9diatisation\u00a0: le pedigree des signataires, issus des milieux de la musique, du cin\u00e9ma, de la politique ou encore de la litt\u00e9rature.<\/p>\n<p class=\"asset asset-text\">D\u2019apr\u00e8s les informations du m\u00e9dia d\u2019investigation <a href=\"https:\/\/www.lalettre.fr\/fr\/entreprises_grande-distribution-et-services\/2025\/06\/20\/les-vip-du-6e-arrondissement-en-guerre-contre-carrefour,110467256-art\" target=\"_blank\" rel=\"noopener nofollow\" title=\"Nouvelle fen\u00eatre\">La Lettre<\/a>, le chanteur Alain Souchon et sa famille, l\u2019actrice Catherine Frot, l\u2019essayiste Alain Finkielkraut, la journaliste Ruth Elkrief, l\u2019ancien homme politique Jacques Toubon ou le dirigeant de m\u00e9dias Denis Olivennes, ont notamment paraph\u00e9 le texte. Un d\u00e9nomm\u00e9 Pierre Richard figure aussi dans cette liste, mais il s\u2019agirait d\u2019un banquier homonyme, d\u2019apr\u00e8s l\u2019auteur de la p\u00e9tition, Bruno Segr\u00e9, au <a href=\"https:\/\/www.leparisien.fr\/paris-75\/petition-contre-limplantation-dune-superette-a-paris-ces-celebrites-en-veulent-elles-vraiment-a-carrefour-city-20-07-2025-TC6GMIGJNZH6DHQNPDR6PJTXWQ.php\" target=\"_blank\" rel=\"noopener nofollow\" title=\"Nouvelle fen\u00eatre\">Parisien.<\/a><\/p>\n<p>    \u00ab\u00a0C\u2019est un village d\u2019enfants g\u00e2t\u00e9s\u00a0\u00bb    <\/p>\n<p class=\"asset asset-text\">C\u2019est \u00e0 deux pas du jardin du Luxembourg que l\u2019enseigne doit ouvrir fin ao\u00fbt, rempla\u00e7ant un magasin de jouets qui a ferm\u00e9 ses portes. Les contestataires craignent les nuisances sonores li\u00e9es aux livraisons au petit matin de ce Carrefour City, ainsi que celles engendr\u00e9es par sa fermeture tardive. Ils estiment \u00e9galement que les \u00ab\u00a0cinq sup\u00e9rettes sur un rayon de 250 m\u00e8tres\u00a0\u00bb disponibles dans leur quartier sont suffisantes.<\/p>\n<p class=\"asset asset-text\">Les signataires accusent \u00e9galement Jean-Paul Lecoq, le maire LR de l\u2019arrondissement, d\u2019avoir sign\u00e9 la demande de travaux de Carrefour. Ils assurent que l\u2019\u00e9dile leur avait pourtant apport\u00e9 leur soutien contre l\u2019arriv\u00e9e du petit supermarch\u00e9. \u00ab\u00a0Une grande partie des p\u00e9titionnaires ont boss\u00e9 ou bossent dans la finance\u00a0\u00bb, tacle d\u00e9sormais le maire, interrog\u00e9 par Le Monde. Avant d\u2019ass\u00e9ner\u00a0: \u00ab\u00a0C\u2019est un village d\u2019enfants g\u00e2t\u00e9s qui croient que tout leur appartient.\u00a0\u00bb<\/p>\n<p class=\"asset asset-text\">Des remarques que le philosophe Alain Finkielkraut balaie dans <a href=\"https:\/\/www.leparisien.fr\/paris-75\/petition-contre-limplantation-dune-superette-a-paris-ces-celebrites-en-veulent-elles-vraiment-a-carrefour-city-20-07-2025-TC6GMIGJNZH6DHQNPDR6PJTXWQ.php\" target=\"_blank\" rel=\"noopener nofollow\" title=\"Nouvelle fen\u00eatre\">Le Parisien<\/a>\u00a0: \u00ab\u00a0C\u2019est totalement absurde, les gens \u00e0 l\u2019origine de cette p\u00e9tition ne sont pas des riches. Nous voulons juste pr\u00e9server la beaut\u00e9 et la tranquillit\u00e9 de ce quartier.\u00a0\u00bb<\/p>\n<p>    \u00ab\u00a0Quand mon nom est apparu, je suis tomb\u00e9e des nues \u00bb    <\/p>\n<p class=\"asset asset-text\">Si Alain Finkielkraut assume avoir sign\u00e9 la p\u00e9tition, d\u2019autres signataires d\u00e9mentent. \u00c0 l\u2019instar de la journaliste Ruth Elkrief, qui <a href=\"https:\/\/x.com\/ruthelkrief\/status\/1946676915869229427\" target=\"_blank\" rel=\"noopener nofollow\" title=\"Nouvelle fen\u00eatre\">raconte sur X <\/a>(ex-Twitter)\u00a0: \u00ab\u00a0J\u2019ai juste r\u00e9pondu dans la rue \u00e0 l\u2019initiateur que je ne connaissais pas. Cela n\u2019\u00e9tait en aucun cas un soutien. Je regrette qu\u2019il ait ainsi utilis\u00e9 mon nom.\u00a0\u00bb Et assure\u00a0: \u00ab\u00a0Quand mon nom est apparu, je suis tomb\u00e9e des nues.\u00a0\u00bb<\/p>\n<p class=\"asset asset-text\">\u00ab\u00a0Moi j\u2019habite le 14e pas \u00e0 Vavin\u00a0\u00bb, a de son c\u00f4t\u00e9 tanc\u00e9 le chef d\u2019entreprise Denis Olivennes, qui a \u00e9t\u00e9 cit\u00e9 dans l\u2019article du Monde. \u00ab\u00a0Mais oui, je suis pour prot\u00e9ger autant que faire se peut l\u2019esth\u00e9tique des villes et l\u2019\u00e9quilibre entre petit commerce et grandes surfaces\u00a0\u00bb, conc\u00e8de-t-il toutefois.<\/p>\n<p class=\"asset asset-text\">Quant \u00e0 l\u2019auteur de la p\u00e9tition, Bruno Segr\u00e9, un ex-journaliste selon nos confr\u00e8res, il r\u00e9fute avoir forc\u00e9 la main aux signataires\u00a0: \u00ab\u00a0Certains font aujourd\u2019hui machine arri\u00e8re mais nous n\u2019avons tordu le bras \u00e0 personne pour signer cette p\u00e9tition.\u00a0\u00bb Il y a trente ans, il \u00e9tait d\u00e9j\u00e0 la figure de proue d\u2019un combat de taille\u00a0: celui d\u2019emp\u00eacher l\u2019arriv\u00e9e de McDonald\u2019s dans le VIe arrondissement. Une premi\u00e8re bataille qui avait \u00e9t\u00e9 remport\u00e9e par les riches riverains.<\/p>\n","protected":false},"excerpt":{"rendered":"LOIC VENANCE \/ AFP Pr\u00e8s du jardin du Luxembourg, l\u2019installation de ce Carrefour City \u00e0 Paris prend des&hellip;\n","protected":false},"author":2,"featured_media":261824,"comment_status":"","ping_status":"","sticky":false,"template":"","format":"standard","meta":{"footnotes":""},"categories":[1888],"tags":[11,4304,1777,674,1011,27,12,626,25],"class_list":{"0":"post-261823","1":"post","2":"type-post","3":"status-publish","4":"format-standard","5":"has-post-thumbnail","7":"category-paris","8":"tag-actualites","9":"tag-carrefour","10":"tag-eu","11":"tag-europe","12":"tag-fr","13":"tag-france","14":"tag-news","15":"tag-paris","16":"tag-republique-francaise"},"share_on_mastodon":{"url":"https:\/\/pubeurope.com\/@fr\/114887377836651726","error":""},"_links":{"self":[{"href":"https:\/\/www.europesays.com\/fr\/wp-json\/wp\/v2\/posts\/261823","targetHints":{"allow":["GET"]}}],"collection":[{"href":"https:\/\/www.europesays.com\/fr\/wp-json\/wp\/v2\/posts"}],"about":[{"href":"https:\/\/www.europesays.com\/fr\/wp-json\/wp\/v2\/types\/post"}],"author":[{"embeddable":true,"href":"https:\/\/www.europesays.com\/fr\/wp-json\/wp\/v2\/users\/2"}],"replies":[{"embeddable":true,"href":"https:\/\/www.europesays.com\/fr\/wp-json\/wp\/v2\/comments?post=261823"}],"version-history":[{"count":0,"href":"https:\/\/www.europesays.com\/fr\/wp-json\/wp\/v2\/posts\/261823\/revisions"}],"wp:featuredmedia":[{"embeddable":true,"href":"https:\/\/www.europesays.com\/fr\/wp-json\/wp\/v2\/media\/261824"}],"wp:attachment":[{"href":"https:\/\/www.europesays.com\/fr\/wp-json\/wp\/v2\/media?parent=261823"}],"wp:term":[{"taxonomy":"category","embeddable":true,"href":"https:\/\/www.europesays.com\/fr\/wp-json\/wp\/v2\/categories?post=261823"},{"taxonomy":"post_tag","embeddable":true,"href":"https:\/\/www.europesays.com\/fr\/wp-json\/wp\/v2\/tags?post=261823"}],"curies":[{"name":"wp","href":"https:\/\/api.w.org\/{rel}","templated":true}]}}