{"id":261825,"date":"2025-07-20T20:10:12","date_gmt":"2025-07-20T20:10:12","guid":{"rendered":"https:\/\/www.europesays.com\/fr\/261825\/"},"modified":"2025-07-20T20:10:12","modified_gmt":"2025-07-20T20:10:12","slug":"les-scenarios-dune-surenchere-russe","status":"publish","type":"post","link":"https:\/\/www.europesays.com\/fr\/261825\/","title":{"rendered":"les sc\u00e9narios d\u2019une surench\u00e8re russe"},"content":{"rendered":"<p><strong>ANALYSE <\/strong>&#8211; Le pr\u00e9sident ukrainien, Volodymyr Zelensky, a propos\u00e9 la reprise de n\u00e9gociations avec la Russie, qui a intensifi\u00e9 ses bombardements durant les semaines pr\u00e9c\u00e9dentes.<\/p>\n<p class=\"fig-paragraph\">Donald Trump a donn\u00e9 50\u00a0jours \u00e0 Vladimir Poutine. Pour les Ukrainiens, c\u2019est trop peu pour renverser un rapport de force qui leur est structurellement et tendanciellement d\u00e9favorable, trois ans et demi apr\u00e8s le d\u00e9but de la\u00a0<a href=\"http:\/\/www.lefigaro.fr\/international\/dossier\/tensions-entre-la-russie-et-l-ukraine-tout-comprendre-a-la-menace-d-une-invasion-russe\" data-fig-type=\"Topic\" data-gtm-custom-categorie=\"navigation\" data-gtm-custom-action=\"crossclick\" data-gtm-custom-label=\"Contextuel\" data-gtm-event=\"customEventSPE\" data-fig-domain=\"LEFIGARO\" target=\"_blank\" rel=\"noopener\">guerre<\/a>. M\u00eame leurs coups de ma\u00eetre militaires, comme l\u2019op\u00e9ration\u00a0<a href=\"http:\/\/www.lefigaro.fr\/international\/la-russie-a-pris-des-gifles-face-aux-offensives-conventionnelles-de-moscou-la-guerre-asymetrique-de-l-ukraine-20250603\" data-fig-type=\"Article\" data-gtm-custom-categorie=\"navigation\" data-gtm-custom-action=\"crossclick\" data-gtm-custom-label=\"Contextuel\" data-gtm-event=\"customEventSPE\" data-fig-domain=\"LEFIGARO\" target=\"_blank\" rel=\"noopener\">Spiderweb<\/a>, n\u2019infl\u00e9chissent pas la d\u00e9termination russe. Seul le pr\u00e9sident am\u00e9ricain pourrait essayer de forcer le pr\u00e9sident russe \u00e0 s\u2019asseoir \u00e0 la table des n\u00e9gociations en agitant la menace de sanctions \u00e9conomiques massives, en imposant des droits de douane de 100\u00a0%. En touchant aussi les alli\u00e9s de Moscou, il pourrait accro\u00eetre suffisamment la pression. Le secr\u00e9taire g\u00e9n\u00e9ral de\u00a0<a href=\"http:\/\/www.lefigaro.fr\/international\/l-ete-sera-critique-l-ukraine-au-coeur-de-l-agenda-du-sommet-de-l-otan-20250624\" data-fig-type=\"Article\" data-gtm-custom-categorie=\"navigation\" data-gtm-custom-action=\"crossclick\" data-gtm-custom-label=\"Contextuel\" data-gtm-event=\"customEventSPE\" data-fig-domain=\"LEFIGARO\" target=\"_blank\" rel=\"noopener\">l\u2019Otan,\u00a0<\/a>Mark Rutte, a relay\u00e9 le message en conseillant \u00e0 la Chine, l\u2019Inde ou le Br\u00e9sil \u00ab\u00a0de passer un coup de t\u00e9l\u00e9phone\u00a0\u00bb \u00e0 Moscou pour ne pas \u00eatre touch\u00e9s eux-m\u00eames par les sanctions. Mais cela suffira-t-il\u00a0? La guerre ne dure que par la volont\u00e9 aveugle de l\u2019autocrate russe.<\/p>\n<p class=\"fig-paragraph\">\u00ab\u00a0Vladimir Poutine joue un r\u00f4le d\u00e9terminant dans\u2026<\/p>\n<p class=\"fig-premium-paywall__infos\">\n        Cet article est r\u00e9serv\u00e9 aux abonn\u00e9s.        Il vous reste 91% \u00e0 d\u00e9couvrir.\n    <\/p>\n<p>                <img  data- alt=\"Le Figaro\" class=\"fig-img--complete fig-img\"\/><\/p>\n<p class=\"fig-premium-paywall__title\">Vous avez envie de lire la suite ?<\/p>\n<p class=\"fig-premium-paywall__subtitle\">D\u00e9bloquez tous les articles imm\u00e9diatement.<\/p>\n<p class=\"fig-premium-paywall__connect\">\n                D\u00e9j\u00e0 abonn\u00e9\u00a0?                <a class=\"fig-premium-paywall__connect-link\" href=\"https:\/\/connect.lefigaro.fr\/login?client=horizon_web&amp;type=main&amp;redirect_uri=https%3A%2F%2Fwww.lefigaro.fr%2Finternational%2Fguerre-en-ukraine-les-scenarios-d-une-surenchere-russe-20250720\" data-js-gtm=\"{&quot;customCategorie&quot;: &quot;conversion&quot;, &quot;customAction&quot;: &quot;before_Landing_Connexion_paywall_auto&quot;, &quot;customLabel&quot;: &quot;bGVmaWdhcm8uZnJfXzFmMDY1M2ZiLWQ5ZDMtNjM3Ni1hNzg0LWViNGIyMjRkNzQxYV9fQXJ0aWNsZQ==_Guerre en Ukraine\u00a0: les sc\u00e9narios d\u2019une surench\u00e8re russe_45&quot;, &quot;customIDSPE&quot;: &quot;bGVmaWdhcm8uZnJfXzFmMDY1M2ZiLWQ5ZDMtNjM3Ni1hNzg0LWViNGIyMjRkNzQxYV9fQXJ0aWNsZQ==&quot;, &quot;event&quot;: &quot;customEventSPE&quot;}\" target=\"_blank\" rel=\"noopener\"><br \/>\n                    Connectez-vous<br \/>\n                <\/a>\n            <\/p>\n","protected":false},"excerpt":{"rendered":"ANALYSE &#8211; Le pr\u00e9sident ukrainien, Volodymyr Zelensky, a propos\u00e9 la reprise de n\u00e9gociations avec la Russie, qui a&hellip;\n","protected":false},"author":2,"featured_media":261826,"comment_status":"","ping_status":"","sticky":false,"template":"","format":"standard","meta":{"footnotes":""},"categories":[1591],"tags":[11,554,1887,12,1885,1886,132,220,135],"class_list":{"0":"post-261825","1":"post","2":"type-post","3":"status-publish","4":"format-standard","5":"has-post-thumbnail","7":"category-russie","8":"tag-actualites","9":"tag-defense","10":"tag-federation-de-russie","11":"tag-news","12":"tag-russia","13":"tag-russian-federation","14":"tag-russie","15":"tag-ukraine","16":"tag-vladimir-poutine"},"share_on_mastodon":{"url":"https:\/\/pubeurope.com\/@fr\/114887381790429463","error":""},"_links":{"self":[{"href":"https:\/\/www.europesays.com\/fr\/wp-json\/wp\/v2\/posts\/261825","targetHints":{"allow":["GET"]}}],"collection":[{"href":"https:\/\/www.europesays.com\/fr\/wp-json\/wp\/v2\/posts"}],"about":[{"href":"https:\/\/www.europesays.com\/fr\/wp-json\/wp\/v2\/types\/post"}],"author":[{"embeddable":true,"href":"https:\/\/www.europesays.com\/fr\/wp-json\/wp\/v2\/users\/2"}],"replies":[{"embeddable":true,"href":"https:\/\/www.europesays.com\/fr\/wp-json\/wp\/v2\/comments?post=261825"}],"version-history":[{"count":0,"href":"https:\/\/www.europesays.com\/fr\/wp-json\/wp\/v2\/posts\/261825\/revisions"}],"wp:featuredmedia":[{"embeddable":true,"href":"https:\/\/www.europesays.com\/fr\/wp-json\/wp\/v2\/media\/261826"}],"wp:attachment":[{"href":"https:\/\/www.europesays.com\/fr\/wp-json\/wp\/v2\/media?parent=261825"}],"wp:term":[{"taxonomy":"category","embeddable":true,"href":"https:\/\/www.europesays.com\/fr\/wp-json\/wp\/v2\/categories?post=261825"},{"taxonomy":"post_tag","embeddable":true,"href":"https:\/\/www.europesays.com\/fr\/wp-json\/wp\/v2\/tags?post=261825"}],"curies":[{"name":"wp","href":"https:\/\/api.w.org\/{rel}","templated":true}]}}