{"id":261833,"date":"2025-07-20T20:14:11","date_gmt":"2025-07-20T20:14:11","guid":{"rendered":"https:\/\/www.europesays.com\/fr\/261833\/"},"modified":"2025-07-20T20:14:11","modified_gmt":"2025-07-20T20:14:11","slug":"euro-feminin-2025-de-la-chance-des-remplacements-efficaces-ce-qui-a-manque-aux-bleues-contre-lallemagne","status":"publish","type":"post","link":"https:\/\/www.europesays.com\/fr\/261833\/","title":{"rendered":"Euro f\u00e9minin 2025. De la chance, des remplacements efficaces\u2026 Ce qui a manqu\u00e9 aux Bleues contre l\u2019Allemagne"},"content":{"rendered":"<p>  Des rempla\u00e7antes impactantes<\/p>\n<p><a href=\"https:\/\/www.ledauphine.com\/sport\/2025\/07\/06\/sans-onze-type-laurent-bonadei-veut-montrer-la-puissance-de-frappe-des-bleues\" target=\"_blank\" rel=\"nofollow noopener\">La profondeur de banc de l\u2019\u00e9quipe de France<\/a> avait impressionn\u00e9 toute l\u2019Europe. Mais face \u00e0 l\u2019Allemagne, les entr\u00e9es de Sandy Baltimore, <a href=\"https:\/\/www.ledauphine.com\/p\/clara-mateo\" target=\"_blank\" rel=\"nofollow noopener\">Clara Mateo<\/a> et <a href=\"https:\/\/www.ledauphine.com\/p\/melvine-malard\" target=\"_blank\" rel=\"nofollow noopener\">Melvine Malard<\/a> n\u2019ont eu aucun effet. La premi\u00e8re a perdu 17 ballons (8e pire performance du match) en rentrant \u00e0 la 67e et n\u2019a pass\u00e9 qu\u2019un dribble sur quatre tent\u00e9s.<\/p>\n<p>La seconde, entr\u00e9e en jeu \u00e0 la 77e et prise dans l\u2019entonnoir allemand, n\u2019aura fait que quatre passes\u2026 pour deux r\u00e9ussies. Le s\u00e9lectionneur Laurent Bonadei, lui, a compl\u00e8tement manqu\u00e9 d\u2019inspiration pour faire sauter le verrou ou rendre ses joueuses dangereuses.<\/p>\n<p>  De meilleures offensives<\/p>\n<p>Les Fran\u00e7aises se sont retrouv\u00e9es dans une position id\u00e9ale tr\u00e8s t\u00f4t dans ce quart de finale, samedi soir \u00e0 B\u00e2le, avec l\u2019expulsion de Hendrich \u00e0 la 13e minute. Elles ont ainsi pu pleinement d\u00e9velopper leur jeu de possession, contre une d\u00e9fense certes bien repli\u00e9e. Sauf qu\u2019elles <a href=\"https:\/\/www.ledauphine.com\/encadres\/2025\/07\/20\/les-notes-de-france-allemagne-marquees-par-le-manque-de-tranchant-offensif-des-bleues\" target=\"_blank\" rel=\"nofollow noopener\">n\u2019ont quasiment pas cr\u00e9\u00e9 d\u2019occasions franches<\/a>.<\/p>\n<p>Les aili\u00e8res \u00e9taient souvent prises par deux joueuses et l\u2019axe trop rarement cherch\u00e9, m\u00eame si les quelques mouvements collectifs en une touche de balle qui ont pu s\u2019y d\u00e9rouler ont apport\u00e9 du danger.<\/p>\n<p>Ce contenu est bloqu\u00e9 car vous n&rsquo;avez pas accept\u00e9 les cookies et autres traceurs.<\/p>\n<p>En cliquant sur \u00ab J\u2019accepte \u00bb, les cookies et autres traceurs seront d\u00e9pos\u00e9s et vous pourrez visualiser les contenus  (<a href=\"\" class=\"consentModule_policy\" target=\"_blank\" title=\"Consulter la politique de protection des donn\u00e9es du fournisseur\">plus d&rsquo;informations<\/a>).<\/p>\n<p>En cliquant sur \u00ab J\u2019accepte tous les cookies \u00bb, vous autorisez des d\u00e9p\u00f4ts de cookies et autres traceurs pour le stockage de vos donn\u00e9es sur nos sites et applications \u00e0 des fins de personnalisation et de ciblage publicitaire.<\/p>\n<p class=\"consentModule_secondaryText\">Vous gardez la possibilit\u00e9 de retirer votre consentement \u00e0 tout moment en consultant notre <a href=\"https:\/\/www.ledauphine.com\/protection-des-donnees\" target=\"_blank\" title=\"Consulter notre politique de protection des donn\u00e9es\" rel=\"nofollow noopener\">politique de protection des donn\u00e9es<\/a>. <br \/>&#13;<br \/>\n            <a href=\"https:\/\/www.ledauphine.com\/sport\/2025\/07\/20\/javascript:Didomi.notice.show()\" class=\"consentModule_cmp\" rel=\"nofollow noopener\" target=\"_blank\">G\u00e9rer mes choix<\/a>&#13;\n        <\/p>\n<p>&#13;<br \/>\n                        J&rsquo;accepte&#13;<br \/>\n            J&rsquo;accepte tous les cookies&#13;\n        <\/p>\n<p>  Un vrai travail sur les tirs au but<\/p>\n<p>C\u2019est l\u2019\u00e9ternel d\u00e9bat\u00a0: faut-il travailler ou non les tirs au but\u00a0? La gourde de la gardienne de l\u2019Allemagne, Ann-Katrin Berger, sur laquelle \u00e9taient scotch\u00e9es les statistiques des derniers tirs des Fran\u00e7aises, laisse sous-entendre que cet exercice particulier n\u2019est pas qu\u2019une \u00ab\u00a0loterie\u00a0\u00bb, comme a pu le dire Laurent Bonadei.<\/p>\n<p>D\u2019autant que la porti\u00e8re allemande est parvenue \u00e0 sortir ceux d\u2019<a href=\"https:\/\/www.ledauphine.com\/p\/amel-majri\" target=\"_blank\" rel=\"nofollow noopener\">Amel Majri<\/a> et d\u2019Alice Sombath. Le s\u00e9lectionneur l\u2019avait conc\u00e9d\u00e9 avant la rencontre, il a \u00ab\u00a0pr\u00e9f\u00e9r\u00e9 ne pas trop prendre la t\u00eate avec cela aux joueuses\u00a0\u00bb Depuis 2009, l\u2019\u00e9quipe de France a disput\u00e9 six s\u00e9ances de tirs au but dans les comp\u00e9titions officielles\u00a0: elle en a perdu cinq.<\/p>\n<p>  Un peu de chance<\/p>\n<p><a href=\"https:\/\/www.ledauphine.com\/sport\/2025\/07\/20\/les-bleues-eliminees-aux-tirs-au-but-par-l-allemagne-au-bout-d-un-quart-de-final-irrespirable\" target=\"_blank\" rel=\"nofollow noopener\">Les Bleues n\u2019ont pas fait ce qu\u2019il fallait<\/a> pour passer. Et en m\u00eame temps, cela ne se joue pas \u00e0 grand-chose. Deux buts ont \u00e9t\u00e9 refus\u00e9s, le deuxi\u00e8me pour un hors-jeu de Lakrar. La France est aussi tomb\u00e9e sur une Berger en feu dans la cage adverse, dont l\u2019arr\u00eat \u00e0 la 103e , un sauvetage en extension vers l\u2019arri\u00e8re sur une dr\u00f4le de t\u00eate en retrait d\u2019une co\u00e9quipi\u00e8re, prouve son match de dingue.<\/p>\n<p>  Une culture de la gagne<\/p>\n<p>Laurent Bonadei a r\u00e9p\u00e9t\u00e9 qu\u2019il voulait \u00ab\u00a0cultiver la culture de la gagne\u00a0\u00bb chez les Bleues. Mais il a encore plus souvent r\u00e9p\u00e9t\u00e9 que tant que les Bleues n\u2019avaient pas remport\u00e9 de troph\u00e9e, elles ne seraient pas favorites de la comp\u00e9tition. Exc\u00e8s de prudence\u00a0? Fausse modestie\u00a0? En se cachant derri\u00e8re ce statut de challenger , difficile de se mettre dans un \u00e9tat d\u2019esprit qui vous donne envie de tout balayer sur votre passage. C\u2019est pourtant ce qui a manqu\u00e9 aux Bleues samedi.<\/p>\n","protected":false},"excerpt":{"rendered":"Des rempla\u00e7antes impactantes La profondeur de banc de l\u2019\u00e9quipe de France avait impressionn\u00e9 toute l\u2019Europe. Mais face \u00e0&hellip;\n","protected":false},"author":2,"featured_media":261834,"comment_status":"","ping_status":"","sticky":false,"template":"","format":"standard","meta":{"footnotes":""},"categories":[1587],"tags":[11,672,1804,1805,1803,34063,1777,36286,674,107,63,1801,12,1802,517,1947],"class_list":{"0":"post-261833","1":"post","2":"type-post","3":"status-publish","4":"format-standard","5":"has-post-thumbnail","7":"category-allemagne","8":"tag-actualites","9":"tag-allemagne","10":"tag-bundesrepublik-deutschland","11":"tag-de","12":"tag-deutschland","13":"tag-equipe-de-france-feminine-de-football","14":"tag-eu","15":"tag-euro-feminin-football","16":"tag-europe","17":"tag-fil-info","18":"tag-football","19":"tag-germany","20":"tag-news","21":"tag-republique-federale-dallemagne","22":"tag-sport","23":"tag-sport-national"},"share_on_mastodon":{"url":"https:\/\/pubeurope.com\/@fr\/114887397450941239","error":""},"_links":{"self":[{"href":"https:\/\/www.europesays.com\/fr\/wp-json\/wp\/v2\/posts\/261833","targetHints":{"allow":["GET"]}}],"collection":[{"href":"https:\/\/www.europesays.com\/fr\/wp-json\/wp\/v2\/posts"}],"about":[{"href":"https:\/\/www.europesays.com\/fr\/wp-json\/wp\/v2\/types\/post"}],"author":[{"embeddable":true,"href":"https:\/\/www.europesays.com\/fr\/wp-json\/wp\/v2\/users\/2"}],"replies":[{"embeddable":true,"href":"https:\/\/www.europesays.com\/fr\/wp-json\/wp\/v2\/comments?post=261833"}],"version-history":[{"count":0,"href":"https:\/\/www.europesays.com\/fr\/wp-json\/wp\/v2\/posts\/261833\/revisions"}],"wp:featuredmedia":[{"embeddable":true,"href":"https:\/\/www.europesays.com\/fr\/wp-json\/wp\/v2\/media\/261834"}],"wp:attachment":[{"href":"https:\/\/www.europesays.com\/fr\/wp-json\/wp\/v2\/media?parent=261833"}],"wp:term":[{"taxonomy":"category","embeddable":true,"href":"https:\/\/www.europesays.com\/fr\/wp-json\/wp\/v2\/categories?post=261833"},{"taxonomy":"post_tag","embeddable":true,"href":"https:\/\/www.europesays.com\/fr\/wp-json\/wp\/v2\/tags?post=261833"}],"curies":[{"name":"wp","href":"https:\/\/api.w.org\/{rel}","templated":true}]}}