{"id":261835,"date":"2025-07-20T20:15:24","date_gmt":"2025-07-20T20:15:24","guid":{"rendered":"https:\/\/www.europesays.com\/fr\/261835\/"},"modified":"2025-07-20T20:15:24","modified_gmt":"2025-07-20T20:15:24","slug":"athletisme-le-colmarien-maxime-wassmer-vice-champion-deurope-espoir-du-4x400m","status":"publish","type":"post","link":"https:\/\/www.europesays.com\/fr\/261835\/","title":{"rendered":"Athl\u00e9tisme. Le Colmarien Maxime Wassmer vice-champion d&rsquo;Europe espoir du 4x400m"},"content":{"rendered":"<p>Sa pr\u00e9sence au sein du relais n&rsquo;\u00e9tait m\u00eame pas garantie\u00a0! Des six athl\u00e8tes s\u00e9lectionn\u00e9s, Maxime Wassmer s&rsquo;avan\u00e7ait avec le moins bon temps, record personnel en 46\u00a0\u00bb60 tout de m\u00eame. Sa forme du moment a convaincu le staff. Au moins pour l&rsquo;aligner en s\u00e9rie.<\/p>\n<p>Et voil\u00e0 que dimanche matin, le Colmarien, ex-membre du PCA, licenci\u00e9 depuis\u00a02021 au Nancy M\u00e9tropole Athl\u00e9tisme, a sign\u00e9 le meilleur temps du quatuor (45\u00a0\u00bb8 lanc\u00e9), 2e de sa s\u00e9rie en 3&rsquo;05&rsquo;59, derri\u00e8re l&rsquo;Espagne, et 2e \u00e9galement des qualifi\u00e9s pour la finale.<\/p>\n<p>Le boulot en finale<\/p>\n<p>D\u00e8s lors, Maxime Wassmer a gagn\u00e9 sa place pour la finale, au cours de laquelle il a encore fait le boulot, toujours en tant que deuxi\u00e8me relayeur. Lanc\u00e9 par F\u00e9lix Levasseur, finaliste en individuel, il a transmis le t\u00e9moin au terme d&rsquo;un tour de piste dans les m\u00eames eaux (45\u00a0\u00bb9) \u00e0 Beno\u00eet Moudio Prios en troisi\u00e8me position.<\/p>\n<p>Allan Lacroix a bonifi\u00e9 le tout, d\u00e9passant l&rsquo;Allemand Florian Kroll, sans pouvoir revenir sur l&rsquo;Espagnol Gerson Pozo. L&rsquo;Espagne est sacr\u00e9e en 3&rsquo;02\u00a0\u00bb02, record d&rsquo;Europe espoir, devant les Bleuets, 3&rsquo;02\u00a0\u00bb60 et l&rsquo;Allemagne.<\/p>\n","protected":false},"excerpt":{"rendered":"Sa pr\u00e9sence au sein du relais n&rsquo;\u00e9tait m\u00eame pas garantie\u00a0! Des six athl\u00e8tes s\u00e9lectionn\u00e9s, Maxime Wassmer s&rsquo;avan\u00e7ait avec&hellip;\n","protected":false},"author":2,"featured_media":261836,"comment_status":"","ping_status":"","sticky":false,"template":"","format":"standard","meta":{"footnotes":""},"categories":[1586],"tags":[11,4132,5065,1777,674,107,1701,1795,1011,27,1637,12,25,517],"class_list":{"0":"post-261835","1":"post","2":"type-post","3":"status-publish","4":"format-standard","5":"has-post-thumbnail","7":"category-europe","8":"tag-actualites","9":"tag-athletisme","10":"tag-colmar","11":"tag-eu","12":"tag-europe","13":"tag-fil-info","14":"tag-fil-info-sport","15":"tag-fil-web","16":"tag-fr","17":"tag-france","18":"tag-haut-rhin","19":"tag-news","20":"tag-republique-francaise","21":"tag-sport"},"share_on_mastodon":{"url":"https:\/\/pubeurope.com\/@fr\/114887401437058855","error":""},"_links":{"self":[{"href":"https:\/\/www.europesays.com\/fr\/wp-json\/wp\/v2\/posts\/261835","targetHints":{"allow":["GET"]}}],"collection":[{"href":"https:\/\/www.europesays.com\/fr\/wp-json\/wp\/v2\/posts"}],"about":[{"href":"https:\/\/www.europesays.com\/fr\/wp-json\/wp\/v2\/types\/post"}],"author":[{"embeddable":true,"href":"https:\/\/www.europesays.com\/fr\/wp-json\/wp\/v2\/users\/2"}],"replies":[{"embeddable":true,"href":"https:\/\/www.europesays.com\/fr\/wp-json\/wp\/v2\/comments?post=261835"}],"version-history":[{"count":0,"href":"https:\/\/www.europesays.com\/fr\/wp-json\/wp\/v2\/posts\/261835\/revisions"}],"wp:featuredmedia":[{"embeddable":true,"href":"https:\/\/www.europesays.com\/fr\/wp-json\/wp\/v2\/media\/261836"}],"wp:attachment":[{"href":"https:\/\/www.europesays.com\/fr\/wp-json\/wp\/v2\/media?parent=261835"}],"wp:term":[{"taxonomy":"category","embeddable":true,"href":"https:\/\/www.europesays.com\/fr\/wp-json\/wp\/v2\/categories?post=261835"},{"taxonomy":"post_tag","embeddable":true,"href":"https:\/\/www.europesays.com\/fr\/wp-json\/wp\/v2\/tags?post=261835"}],"curies":[{"name":"wp","href":"https:\/\/api.w.org\/{rel}","templated":true}]}}