{"id":261837,"date":"2025-07-20T20:16:10","date_gmt":"2025-07-20T20:16:10","guid":{"rendered":"https:\/\/www.europesays.com\/fr\/261837\/"},"modified":"2025-07-20T20:16:10","modified_gmt":"2025-07-20T20:16:10","slug":"lue-veut-relancer-la-machine","status":"publish","type":"post","link":"https:\/\/www.europesays.com\/fr\/261837\/","title":{"rendered":"L&rsquo;UE veut relancer la machine"},"content":{"rendered":"<p>                    <img decoding=\"async\" style=\"aspect-ratio:16\/9\" src=\"https:\/\/www.europesays.com\/fr\/wp-content\/uploads\/2025\/07\/GettyImages-1258357354.jpg\" width=\"100%\" loading=\"eager\"\/><\/p>\n<p>                            <a href=\"https:\/\/fr.businessam.be\/author\/redactie\/\" class=\"author-thumbnail\" style=\"border: 2px inset #00000099;\" rel=\"nofollow noopener\" target=\"_blank\"><img loading=\"lazy\" decoding=\"async\" src=\"https:\/\/www.europesays.com\/fr\/wp-content\/uploads\/2025\/07\/1753042570_588_cropped-favicon-192x192.png\" width=\"80\" height=\"80\" alt=\"Business AM\"\/><\/a>\ue05bpar <a href=\"https:\/\/fr.businessam.be\/author\/redactie\/\" rel=\"nofollow noopener\" target=\"_blank\">Business AM<\/a><br \/>\ue010publi\u00e9 le dimanche 20 juillet 2025 \u00e0 21:03 \u2022 <br \/>\ue00c2 min de lecture<\/p>\n<p>Principaux renseingnements<\/p>\n<ul class=\"wp-block-list\">\n<li><strong>L\u2019UE a lanc\u00e9 le groupe sp\u00e9cial \u00ab\u00a0Security Action for Europe\u00a0\u00bb (SAFE) afin de renforcer la coop\u00e9ration en mati\u00e8re de d\u00e9fense.<\/strong><\/li>\n<li><strong>Le groupe suivra les progr\u00e8s r\u00e9alis\u00e9s par les \u00c9tats membres dans la mise en \u0153uvre de SAFE et r\u00e9pondra aux questions sur les pr\u00eats de la Commission en mati\u00e8re de d\u00e9fense<\/strong>.<\/li>\n<li><strong>La Commission offrira un soutien complet aux \u00c9tats membres, y compris des mises \u00e0 jour de proc\u00e9dures et la coordination des pr\u00eats.<\/strong><\/li>\n<\/ul>\n<p>La Commission europ\u00e9enne a cr\u00e9\u00e9 une nouvelle entit\u00e9, le groupe sp\u00e9cial <a href=\"https:\/\/defence-industry-space.ec.europa.eu\/creation-security-action-europe-special-group-2025-07-16_en\" target=\"_blank\" rel=\"noreferrer noopener nofollow\">\u00ab\u00a0Security Action for Europe\u00a0\u00bb (SAFE)<\/a>. Ce groupe de travail joue un r\u00f4le essentiel dans la mise en \u0153uvre des objectifs de SAFE dans l\u2019ensemble de l\u2019Union europ\u00e9enne. Les \u00c9tats membres d\u00e9signent des repr\u00e9sentants pour si\u00e9ger en tant que repr\u00e9sentants du groupe sp\u00e9cial (SGR), qui fournissent des conseils d\u2019experts et assurent la coordination strat\u00e9gique afin de maximiser l\u2019impact de SAFE.<\/p>\n<p>La cr\u00e9ation du groupe sp\u00e9cial SAFE repr\u00e9sente une avanc\u00e9e significative dans la coop\u00e9ration en mati\u00e8re de s\u00e9curit\u00e9 collective au sein de l\u2019UE. Le groupe sera charg\u00e9 de suivre les progr\u00e8s r\u00e9alis\u00e9s par les \u00c9tats membres dans la mise en \u0153uvre de SAFE et de r\u00e9pondre \u00e0 toute question concernant les pr\u00eats de la Commission en mati\u00e8re de d\u00e9fense.<\/p>\n<p>Soutien \u00e0 la mise en \u0153uvre<\/p>\n<p>La Commission fournira un soutien complet aux \u00c9tats membres, y compris des mises \u00e0 jour de proc\u00e9dures, des explications sur les mod\u00e8les, la coordination des pr\u00eats et des clarifications opportunes.<\/p>\n<p>Le groupe sp\u00e9cial SAFE adoptera une structure souple qui pourra s\u2019adapter et \u00e9voluer \u00e0 l\u2019avenir. Les informations relatives au groupe, telles que les principes directeurs, les minist\u00e8res concern\u00e9s, les ordres du jour et les proc\u00e8s-verbaux des r\u00e9unions, seront accessibles via un lien sp\u00e9cifique. La premi\u00e8re r\u00e9union du groupe sp\u00e9cial SAFE est pr\u00e9vue pour septembre 2025, avec un minimum de deux r\u00e9unions par an.<\/p>\n","protected":false},"excerpt":{"rendered":"\ue05bpar Business AM\ue010publi\u00e9 le dimanche 20 juillet 2025 \u00e0 21:03 \u2022 \ue00c2 min de lecture Principaux renseingnements L\u2019UE&hellip;\n","protected":false},"author":2,"featured_media":261838,"comment_status":"","ping_status":"","sticky":false,"template":"","format":"standard","meta":{"footnotes":""},"categories":[1586],"tags":[11,554,1777,674,1779,1011,27,12,25,1778,364],"class_list":{"0":"post-261837","1":"post","2":"type-post","3":"status-publish","4":"format-standard","5":"has-post-thumbnail","7":"category-europe","8":"tag-actualites","9":"tag-defense","10":"tag-eu","11":"tag-europe","12":"tag-european-union","13":"tag-fr","14":"tag-france","15":"tag-news","16":"tag-republique-francaise","17":"tag-ue","18":"tag-union-europeenne"},"share_on_mastodon":{"url":"https:\/\/pubeurope.com\/@fr\/114887405785343124","error":""},"_links":{"self":[{"href":"https:\/\/www.europesays.com\/fr\/wp-json\/wp\/v2\/posts\/261837","targetHints":{"allow":["GET"]}}],"collection":[{"href":"https:\/\/www.europesays.com\/fr\/wp-json\/wp\/v2\/posts"}],"about":[{"href":"https:\/\/www.europesays.com\/fr\/wp-json\/wp\/v2\/types\/post"}],"author":[{"embeddable":true,"href":"https:\/\/www.europesays.com\/fr\/wp-json\/wp\/v2\/users\/2"}],"replies":[{"embeddable":true,"href":"https:\/\/www.europesays.com\/fr\/wp-json\/wp\/v2\/comments?post=261837"}],"version-history":[{"count":0,"href":"https:\/\/www.europesays.com\/fr\/wp-json\/wp\/v2\/posts\/261837\/revisions"}],"wp:featuredmedia":[{"embeddable":true,"href":"https:\/\/www.europesays.com\/fr\/wp-json\/wp\/v2\/media\/261838"}],"wp:attachment":[{"href":"https:\/\/www.europesays.com\/fr\/wp-json\/wp\/v2\/media?parent=261837"}],"wp:term":[{"taxonomy":"category","embeddable":true,"href":"https:\/\/www.europesays.com\/fr\/wp-json\/wp\/v2\/categories?post=261837"},{"taxonomy":"post_tag","embeddable":true,"href":"https:\/\/www.europesays.com\/fr\/wp-json\/wp\/v2\/tags?post=261837"}],"curies":[{"name":"wp","href":"https:\/\/api.w.org\/{rel}","templated":true}]}}