{"id":261843,"date":"2025-07-20T20:19:12","date_gmt":"2025-07-20T20:19:12","guid":{"rendered":"https:\/\/www.europesays.com\/fr\/261843\/"},"modified":"2025-07-20T20:19:12","modified_gmt":"2025-07-20T20:19:12","slug":"cest-epouvantable-les-images-des-degats-en-france-apres-un-episode-orageux-dune-grande-violence","status":"publish","type":"post","link":"https:\/\/www.europesays.com\/fr\/261843\/","title":{"rendered":"C&rsquo;est \u00e9pouvantable\u00a0\u00bb : les images des d\u00e9g\u00e2ts en France apr\u00e8s un \u00e9pisode orageux \u00ab\u00a0d&rsquo;une grande violence"},"content":{"rendered":"<ul class=\"jsx-862013697 ArticleChapo__List\">\n<li class=\"jsx-862013697 ArticleChapo__List_Item flex\">Une vingtaine de d\u00e9partements ont pass\u00e9 une bonne partie de la journ\u00e9e de dimanche en vigilance orange pluie-inondations et orages.<\/li>\n<li class=\"jsx-862013697 ArticleChapo__List_Item flex\">De l\u2019Allier \u00e0 la Sa\u00f4ne-et-Loire, les habitants se sont mobilis\u00e9s pour d\u00e9blayer les rues et r\u00e9parer ce qui pouvait l\u2019\u00eatre.<\/li>\n<\/ul>\n<p data-module=\"article-paragraph\" class=\"jsx-3046738180 Paragraph Paragraph__End\">Plus de 2000 impacts de foudre en quelques heures. Le chiffre n&rsquo;est pas inhabituel, mais t\u00e9moigne de la puissance de l&rsquo;\u00e9pisode orageux qui a travers\u00e9 une partie de la France ce dimanche 20 juillet. \u00ab\u00a0On a connu une salve assez importante d&rsquo;air chaud sur la France, bloqu\u00e9e. L\u00e0, on a l&rsquo;arriv\u00e9e de plusieurs perturbations qui ram\u00e8nent de l&rsquo;air beaucoup plus frais. Le contraste des masses d&rsquo;air am\u00e8ne g\u00e9n\u00e9ralement \u00e0 un choc violent, sous forme d&rsquo;orages virulents\u00a0\u00bb, d\u00e9taille Tatiana Silva, sp\u00e9cialiste m\u00e9t\u00e9o de TF1 alors qu&rsquo;encore une vingtaine de d\u00e9partements<a href=\"https:\/\/www.tf1info.fr\/meteo\/video-previons-meteo-france-orages-6-departements-de-l-est-en-vigilance-orange-cet-apres-midi-2383913.html\" target=\"_blank\" rel=\"noopener\"> \u00e9taient plac\u00e9s en vigilance orange jusqu&rsquo;en d\u00e9but de soir\u00e9e<\/a>.<\/p>\n<blockquote class=\"jsx-2786790838 Quote__Text\"><p>Il y a quelques semaines, on a d\u00e9j\u00e0 eu des soucis. D&rsquo;autres arbres sont tomb\u00e9s, d\u00e9racin\u00e9s, arrach\u00e9s<\/p><\/blockquote>\n<p>Jean-Claude Bartois, premier adjoint au maire de Servilly<\/p>\n<p data-module=\"article-paragraph\" class=\"jsx-3046738180 Paragraph Paragraph__End\">\u00c0 Servilly, dans l&rsquo;Allier,\u00a0les habitants se souviendront longtemps de cette journ\u00e9e. \u00ab\u00a0Les arbres, les tuiles, les volets des voisins\u2026C\u2019est \u00e9pouvantable\u00a0\u00bb, t\u00e9moigne l&rsquo;une d&rsquo;elle, \u00e9num\u00e9rant tout ce qui a \u00e9t\u00e9 d\u00e9plac\u00e9 par la force du vent. D&rsquo;autres images captur\u00e9es dans l&rsquo;apr\u00e8s-midi montrent l&rsquo;intensit\u00e9 de la pluie qui a frapp\u00e9 le village dans l&rsquo;apr\u00e8s-midi sans heureusement faire de bless\u00e9s. Mais en provoquant une coupure g\u00e9n\u00e9rale de l&rsquo;\u00e9lectricit\u00e9. \u00ab\u00a0Il y a quelques semaines, on a d\u00e9j\u00e0 eu des soucis. D&rsquo;autres arbres sont tomb\u00e9s, d\u00e9racin\u00e9s, arrach\u00e9s. C&rsquo;est vraiment un \u00e9pisode d&rsquo;une grande violence\u00a0\u00bb, insiste Jean-Claude Bartois, premier adjoint au maire.<\/p>\n<p><a href=\"https:\/\/www.tf1info.fr\/meteo\/video-on-perd-le-moral-une-commune-de-dordogne-devastee-deux-fois-en-moins-d-un-mois-par-de-violents-orages-2382651.html\" rel=\"noopener\" class=\"jsx-3308031228 Link flex\" target=\"_blank\"><img decoding=\"async\" src=\"https:\/\/www.europesays.com\/fr\/wp-content\/uploads\/2025\/07\/jta-commune-nadaillac-violents-orages-dordogne-samedi-13-juillet-d0714d-0@1x.jpeg\" alt=\"La commune de Nadaillac en Dordogne d\u00e9vast\u00e9e deux fois en moins d'un mois par de violents orages\" loading=\"lazy\" importance=\"low\" fetchpriority=\"low\" class=\"\" aria-hidden=\"true\"\/><\/p>\n<p class=\"jsx-3657663356 ReadMoreArticle__Title\">Lire aussi<\/p>\n<p class=\"jsx-3657663356\">\u00ab\u00a0On perd le moral\u00a0\u00bb : une commune de Dordogne d\u00e9vast\u00e9e deux fois en moins d&rsquo;un mois par de violents orages<\/p>\n<p><\/a><\/p>\n<p data-module=\"article-paragraph\" class=\"jsx-3046738180 Paragraph Paragraph__End\">\u00c0 200 km de l\u00e0, en Sa\u00f4ne-et-Loire, les orages aussi ont fait des d\u00e9g\u00e2ts. Des rafales \u00e0 105 km\/h ont ainsi \u00e9t\u00e9 enregistr\u00e9es \u00e0 Lonce-le-Saunier. Le front se d\u00e9pla\u00e7ait dimanche vers l&rsquo;Allemagne et la Suisse, avec des orages encore \u00e0 craindre sur les Alpes et dans le Sud-Est, pour un retour \u00e0 la normale d\u00e8s lundi.<\/p>\n<p>D.D.F. | Reportage : Yann HOVINE, Quentin DEHAY et Aur\u00e9lien FLAMENT<\/p>\n","protected":false},"excerpt":{"rendered":"Une vingtaine de d\u00e9partements ont pass\u00e9 une bonne partie de la journ\u00e9e de dimanche en vigilance orange pluie-inondations&hellip;\n","protected":false},"author":2,"featured_media":261844,"comment_status":"","ping_status":"","sticky":false,"template":"","format":"standard","meta":{"footnotes":""},"categories":[4],"tags":[1111,11,1921,1011,27,1922,3059,12,2119,25,31096,133,11009],"class_list":{"0":"post-261843","1":"post","2":"type-post","3":"status-publish","4":"format-standard","5":"has-post-thumbnail","7":"category-france","8":"tag-actu","9":"tag-actualites","10":"tag-article-video","11":"tag-fr","12":"tag-france","13":"tag-info","14":"tag-intemperies","15":"tag-news","16":"tag-previsions-meteo","17":"tag-republique-francaise","18":"tag-tatiana-silva","19":"tag-video","20":"tag-video-meteo-et-intemperies"},"share_on_mastodon":{"url":"https:\/\/pubeurope.com\/@fr\/114887417207095439","error":""},"_links":{"self":[{"href":"https:\/\/www.europesays.com\/fr\/wp-json\/wp\/v2\/posts\/261843","targetHints":{"allow":["GET"]}}],"collection":[{"href":"https:\/\/www.europesays.com\/fr\/wp-json\/wp\/v2\/posts"}],"about":[{"href":"https:\/\/www.europesays.com\/fr\/wp-json\/wp\/v2\/types\/post"}],"author":[{"embeddable":true,"href":"https:\/\/www.europesays.com\/fr\/wp-json\/wp\/v2\/users\/2"}],"replies":[{"embeddable":true,"href":"https:\/\/www.europesays.com\/fr\/wp-json\/wp\/v2\/comments?post=261843"}],"version-history":[{"count":0,"href":"https:\/\/www.europesays.com\/fr\/wp-json\/wp\/v2\/posts\/261843\/revisions"}],"wp:featuredmedia":[{"embeddable":true,"href":"https:\/\/www.europesays.com\/fr\/wp-json\/wp\/v2\/media\/261844"}],"wp:attachment":[{"href":"https:\/\/www.europesays.com\/fr\/wp-json\/wp\/v2\/media?parent=261843"}],"wp:term":[{"taxonomy":"category","embeddable":true,"href":"https:\/\/www.europesays.com\/fr\/wp-json\/wp\/v2\/categories?post=261843"},{"taxonomy":"post_tag","embeddable":true,"href":"https:\/\/www.europesays.com\/fr\/wp-json\/wp\/v2\/tags?post=261843"}],"curies":[{"name":"wp","href":"https:\/\/api.w.org\/{rel}","templated":true}]}}