{"id":261845,"date":"2025-07-20T20:20:12","date_gmt":"2025-07-20T20:20:12","guid":{"rendered":"https:\/\/www.europesays.com\/fr\/261845\/"},"modified":"2025-07-20T20:20:12","modified_gmt":"2025-07-20T20:20:12","slug":"a-voir-garcia-detruit-son-baton-de-golf-apres-un-coup-de-depart","status":"publish","type":"post","link":"https:\/\/www.europesays.com\/fr\/261845\/","title":{"rendered":"\u00c0 VOIR: Garcia d\u00e9truit son b\u00e2ton de golf apr\u00e8s un coup de d\u00e9part"},"content":{"rendered":"<p><strong>La derni\u00e8re ronde de l\u2019Omnium britannique dimanche a \u00e9t\u00e9 parsem\u00e9e de hauts et de bas pour l\u2019Espagnol Sergio Garcia, qui a d\u2019ailleurs fait d\u00e9border toute sa col\u00e8re au deuxi\u00e8me trou.<\/strong><\/p>\n<p class=\"toreadalso-fromEMP\"><strong>\u2022 \u00c0 lire aussi: <\/strong><a href=\"https:\/\/www.journaldequebec.com\/2025\/07\/20\/scheffler-gagne-aisement-lomnium-britannique\" target=\"_self\" rel=\"nofollow noopener\"><strong>Scheffler gagne ais\u00e9ment l\u2019Omnium britannique<\/strong><\/a><\/p>\n<p>Le golfeur a effectu\u00e9 un coup de d\u00e9part visiblement insatisfaisant \u00e0 ses yeux et c\u2019est son bois 1 qui en a pay\u00e9 le prix. Furieux, le v\u00e9t\u00e9ran a d\u00e9truit son driver, de sorte qu\u2019il a d\u00fb compl\u00e9ter le tournoi avec un b\u00e2ton en moins. Effectivement, comme pr\u00e9vu par une r\u00e8gle en vigueur, un joueur ayant endommag\u00e9 son b\u00e2ton par exc\u00e8s de col\u00e8re ne peut le remplacer au cours de la partie. Si le bris avait \u00e9t\u00e9 le r\u00e9sultat d\u2019une force ext\u00e9rieure ou naturelle, ou encore caus\u00e9 par un individu autre que le joueur concern\u00e9 ou son cadet, l\u2019utilisation d\u2019un nouveau b\u00e2ton aurait \u00e9t\u00e9 permise.<\/p>\n<blockquote class=\"twitter-tweet\">\n<p lang=\"en\" dir=\"ltr\">\ud83d\udea8\u26f3\ufe0f\ud83d\ude24 <a href=\"https:\/\/twitter.com\/hashtag\/WATCH?src=hash&amp;ref_src=twsrc%5Etfw\" rel=\"nofollow noopener\" target=\"_blank\">#WATCH<\/a> \u2014 LIV Golf star Sergio Garcia snapped his driver in a fit of rage after a poor tee shot on the 2nd hole.<\/p>\n<p>He must play the final round without it and is not allowed to replace it. <\/p>\n<p><a href=\"https:\/\/t.co\/0teb8ZVFCI\" rel=\"nofollow\">pic.twitter.com\/0teb8ZVFCI<\/a><\/p>\n<p>\u2014 NUCLR GOLF (@NUCLRGOLF) <a href=\"https:\/\/twitter.com\/NUCLRGOLF\/status\/1946875844162404733?ref_src=twsrc%5Etfw\" rel=\"nofollow noopener\" target=\"_blank\">July 20, 2025<\/a><\/p><\/blockquote>\n<p>Malgr\u00e9 sa m\u00e9saventure, Garcia a cal\u00e9 un oiselet au deuxi\u00e8me fanion. Il a termin\u00e9 la comp\u00e9tition au 34e rang, \u00e0 14 coups du vainqueur, Scottie Scheffler.<\/p>\n<p>                                        <script async src=\"https:\/\/platform.twitter.com\/widgets.js\" charset=\"utf-8\"><\/script><\/p>\n","protected":false},"excerpt":{"rendered":"La derni\u00e8re ronde de l\u2019Omnium britannique dimanche a \u00e9t\u00e9 parsem\u00e9e de hauts et de bas pour l\u2019Espagnol Sergio&hellip;\n","protected":false},"author":2,"featured_media":261846,"comment_status":"","ping_status":"","sticky":false,"template":"","format":"standard","meta":{"footnotes":""},"categories":[1418],"tags":[1011,27,1472,60],"class_list":{"0":"post-261845","1":"post","2":"type-post","3":"status-publish","4":"format-standard","5":"has-post-thumbnail","7":"category-golf","8":"tag-fr","9":"tag-france","10":"tag-golf","11":"tag-sports"},"share_on_mastodon":{"url":"https:\/\/pubeurope.com\/@fr\/114887420963097437","error":""},"_links":{"self":[{"href":"https:\/\/www.europesays.com\/fr\/wp-json\/wp\/v2\/posts\/261845","targetHints":{"allow":["GET"]}}],"collection":[{"href":"https:\/\/www.europesays.com\/fr\/wp-json\/wp\/v2\/posts"}],"about":[{"href":"https:\/\/www.europesays.com\/fr\/wp-json\/wp\/v2\/types\/post"}],"author":[{"embeddable":true,"href":"https:\/\/www.europesays.com\/fr\/wp-json\/wp\/v2\/users\/2"}],"replies":[{"embeddable":true,"href":"https:\/\/www.europesays.com\/fr\/wp-json\/wp\/v2\/comments?post=261845"}],"version-history":[{"count":0,"href":"https:\/\/www.europesays.com\/fr\/wp-json\/wp\/v2\/posts\/261845\/revisions"}],"wp:featuredmedia":[{"embeddable":true,"href":"https:\/\/www.europesays.com\/fr\/wp-json\/wp\/v2\/media\/261846"}],"wp:attachment":[{"href":"https:\/\/www.europesays.com\/fr\/wp-json\/wp\/v2\/media?parent=261845"}],"wp:term":[{"taxonomy":"category","embeddable":true,"href":"https:\/\/www.europesays.com\/fr\/wp-json\/wp\/v2\/categories?post=261845"},{"taxonomy":"post_tag","embeddable":true,"href":"https:\/\/www.europesays.com\/fr\/wp-json\/wp\/v2\/tags?post=261845"}],"curies":[{"name":"wp","href":"https:\/\/api.w.org\/{rel}","templated":true}]}}