{"id":261847,"date":"2025-07-20T20:22:10","date_gmt":"2025-07-20T20:22:10","guid":{"rendered":"https:\/\/www.europesays.com\/fr\/261847\/"},"modified":"2025-07-20T20:22:10","modified_gmt":"2025-07-20T20:22:10","slug":"un-programme-intense-pour-les-prochains-mois","status":"publish","type":"post","link":"https:\/\/www.europesays.com\/fr\/261847\/","title":{"rendered":"Un programme intense pour les prochains mois"},"content":{"rendered":"<p class=\"date\">\n                                                            Mathieu Warnier, Media365 : publi\u00e9 le dimanche 20 juillet 2025 \u00e0 20h20\n                                                    <\/p>\n<p>Apr\u00e8s une tourn\u00e9e en Nouvelle-Z\u00e9lande achev\u00e9e sur trois d\u00e9faites en trois matchs, le XV de France aura droit \u00e0 un beau programme pour relever la t\u00eate au cours des prochains mois.<\/p>\n<p>Alors qu&rsquo;une saison s&rsquo;ach\u00e8ve, les yeux sont d\u00e9j\u00e0 tourn\u00e9s vers la prochaine. Ce samedi, le XV de France a achev\u00e9 son exercice 2024-2025 par <a href=\"https:\/\/sports.orange.fr\/rugby\/xv-de-france\/article\/tournee-d-ete-la-france-battue-une-nouvelle-fois-par-la-nouvelle-zelande-CNT000002jE0gB.html\" rel=\"nofollow noopener\" target=\"_blank\">une troisi\u00e8me d\u00e9faite en trois matchs face aux All Blacks dans le cadre de sa tourn\u00e9e estivale<\/a>. Alors que Fabien Galthi\u00e9 a d\u00fb composer un groupe largement remani\u00e9 pour ce d\u00e9placement aux antipodes, le s\u00e9lectionneur des Bleus aura les coud\u00e9es un peu plus franches en vue de la tourn\u00e9e de novembre. Un triptyque automnal qui d\u00e9marrera tr\u00e8s fort avec la r\u00e9ception de l&rsquo;Afrique du Sud au Stade de France le 8 novembre prochain. Cette rencontre aura un fort go\u00fbt de revanche pour le XV de France deux ans apr\u00e8s une d\u00e9faite frustrante d&rsquo;un seul point en quart de finale de \u00ab\u00a0sa\u00a0\u00bb Coupe du Monde. Comme demand\u00e9 par World Rugby, les Tricolores auront un rendez-vous face \u00e0 une \u00e9quipe du \u00ab\u00a0Tier 2\u00a0\u00bb et ce sont les Fidji qui r\u00e9pondront pr\u00e9sent au Matmut Atlantique de Bordeaux le week-end suivant.<\/p>\n<p>Les cadres de retour \u00e0 l&rsquo;automne<\/p>\n<p>Enfin, l&rsquo;Australie d\u00e9fiera les Bleus le 22 novembre au Stade de France. Trois matchs qui seront l&rsquo;occasion de remettre la machine en route apr\u00e8s cette s\u00e9rie noire dans l&rsquo;H\u00e9misph\u00e8re Sud avec les joueurs \u00ab\u00a0premium\u00a0\u00bb de retour dans le groupe. Ils devraient tous \u00eatre de l&rsquo;aventure sauf Antoine Dupont. En pleine convalescence apr\u00e8s la grave blessure au genou droit subie au printemps dernier, <a href=\"https:\/\/sports.orange.fr\/rugby\/xv-de-france\/article\/xv-de-france-dupont-ne-fera-pas-la-tournee-de-novembre-et-pense-a-los-angeles-2028-exclu-CNT000002jAefd.html\" rel=\"nofollow noopener\" target=\"_blank\">le capitaine tricolore a r\u00e9cemment affirm\u00e9 aupr\u00e8s du quotidien L&rsquo;Equipe ne pas vouloir aller trop vite pour son retour \u00e0 la comp\u00e9tition<\/a>. Des rencontres qui seront cruciales en vue de la Coupe du Monde 2027 car les r\u00e9sultats influeront sur le classement mondial qui d\u00e9terminera les chapeaux pour le tirage au sort, organis\u00e9 au d\u00e9but de l&rsquo;ann\u00e9e 2026. L&rsquo;heure sera alors de se tourner vers le Tournoi des 6 Nations, qui verra les Bleus d\u00e9fendre le titre remport\u00e9 en mars dernier mais sans Grand Chelem en raison du revers conc\u00e9d\u00e9 en Angleterre.<\/p>\n<p>Un titre \u00e0 d\u00e9fendre lors du 6 Nations<\/p>\n<p>Contrairement aux ann\u00e9es impaires, le calendrier de l&rsquo;\u00e9dition 2026 sera favorable aux joueurs de <a href=\"https:\/\/sports.orange.fr\/rugby\/xv-de-france\/article\/xv-de-france-galthie-le-vestiaire-etait-tres-fatigue-exclu-CNT000002jE5dg.html\" rel=\"nofollow noopener\" target=\"_blank\">Fabien Galthi\u00e9<\/a> avec trois matchs \u00e0 domicile contre deux \u00e0 l&rsquo;ext\u00e9rieur. Toutefois, la r\u00e9ception de l&rsquo;Irlande d\u00e8s le 5 f\u00e9vrier n&rsquo;est pas forc\u00e9ment un cadeau pour les Tricolores, qui retrouveront le Stade de France dans le cadre de cette comp\u00e9tition apr\u00e8s deux ans d&rsquo;absence en raison de l&rsquo;organisation des Jeux d&rsquo;\u00e9t\u00e9 l&rsquo;an pass\u00e9 \u00e0 Paris. Le d\u00e9placement au pays de Galles sera suivi par la r\u00e9ception de l&rsquo;Italie. Un Tournoi que les Bleus ach\u00e8veront par un d\u00e9placement en Ecosse avant le tant attendu \u00ab\u00a0crunch\u00a0\u00bb face \u00e0 l&rsquo;Angleterre comme dernier match pour ce qui pourrait \u00eatre une finale. Pour ce qui est des matchs internationaux venant conclure la saison, le flou est total puisque la traditionnelle tourn\u00e9e va c\u00e9der sa place \u00e0 la premi\u00e8re partie de la \u00ab\u00a0Nations Cup\u00a0\u00bb, comp\u00e9tition internationale voulue par World Rugby mais dont les contours ne sont pas encore totalement dessin\u00e9s.<\/p>\n","protected":false},"excerpt":{"rendered":"Mathieu Warnier, Media365 : publi\u00e9 le dimanche 20 juillet 2025 \u00e0 20h20 Apr\u00e8s une tourn\u00e9e en Nouvelle-Z\u00e9lande achev\u00e9e&hellip;\n","protected":false},"author":2,"featured_media":261848,"comment_status":"","ping_status":"","sticky":false,"template":"","format":"standard","meta":{"footnotes":""},"categories":[1416],"tags":[1011,27,479,1468,60],"class_list":{"0":"post-261847","1":"post","2":"type-post","3":"status-publish","4":"format-standard","5":"has-post-thumbnail","7":"category-rugby","8":"tag-fr","9":"tag-france","10":"tag-rugby","11":"tag-rugby-football","12":"tag-sports"},"share_on_mastodon":{"url":"https:\/\/pubeurope.com\/@fr\/114887428871457997","error":""},"_links":{"self":[{"href":"https:\/\/www.europesays.com\/fr\/wp-json\/wp\/v2\/posts\/261847","targetHints":{"allow":["GET"]}}],"collection":[{"href":"https:\/\/www.europesays.com\/fr\/wp-json\/wp\/v2\/posts"}],"about":[{"href":"https:\/\/www.europesays.com\/fr\/wp-json\/wp\/v2\/types\/post"}],"author":[{"embeddable":true,"href":"https:\/\/www.europesays.com\/fr\/wp-json\/wp\/v2\/users\/2"}],"replies":[{"embeddable":true,"href":"https:\/\/www.europesays.com\/fr\/wp-json\/wp\/v2\/comments?post=261847"}],"version-history":[{"count":0,"href":"https:\/\/www.europesays.com\/fr\/wp-json\/wp\/v2\/posts\/261847\/revisions"}],"wp:featuredmedia":[{"embeddable":true,"href":"https:\/\/www.europesays.com\/fr\/wp-json\/wp\/v2\/media\/261848"}],"wp:attachment":[{"href":"https:\/\/www.europesays.com\/fr\/wp-json\/wp\/v2\/media?parent=261847"}],"wp:term":[{"taxonomy":"category","embeddable":true,"href":"https:\/\/www.europesays.com\/fr\/wp-json\/wp\/v2\/categories?post=261847"},{"taxonomy":"post_tag","embeddable":true,"href":"https:\/\/www.europesays.com\/fr\/wp-json\/wp\/v2\/tags?post=261847"}],"curies":[{"name":"wp","href":"https:\/\/api.w.org\/{rel}","templated":true}]}}