{"id":261849,"date":"2025-07-20T20:23:11","date_gmt":"2025-07-20T20:23:11","guid":{"rendered":"https:\/\/www.europesays.com\/fr\/261849\/"},"modified":"2025-07-20T20:23:11","modified_gmt":"2025-07-20T20:23:11","slug":"la-championne-olympique-sera-absente-plusieurs-semaines-apres-avoir-ete-operee-du-coude","status":"publish","type":"post","link":"https:\/\/www.europesays.com\/fr\/261849\/","title":{"rendered":"la championne olympique sera absente plusieurs semaines apr\u00e8s avoir \u00e9t\u00e9 op\u00e9r\u00e9e du coude"},"content":{"rendered":"<p>Qinwen Zheng va manquer plusieurs semaines de comp\u00e9tition. La Chinoise a confirm\u00e9 sur Instagram qu\u2019elle avait \u00e9t\u00e9 op\u00e9r\u00e9e du coude avec succ\u00e8s.<\/p>\n<p class=\"fig-paragraph\">Une photo dans un lit d\u2019h\u00f4pital post\u00e9e sur Instagram. Apr\u00e8s plusieurs semaines o\u00f9 la discr\u00e9tion \u00e9tait le ma\u00eetre mot,\u00a0<a href=\"http:\/\/www.lefigaro.fr\/sports\/tennis\/roland-garros\/roland-garros-la-championne-olympique-de-paris-2024-qinwen-zheng-trace-sa-route-20250530\" data-fig-type=\"NewsFlash\" data-gtm-custom-categorie=\"navigation\" data-gtm-custom-action=\"crossclick\" data-gtm-custom-label=\"Contextuel\" data-gtm-event=\"customEventSPE\" data-fig-domain=\"LEFIGARO\" target=\"_blank\" rel=\"noopener\">Qinwen Zheng<\/a>\u00a0est sortie du silence ce dimanche en annon\u00e7ant avoir \u00e9t\u00e9 op\u00e9r\u00e9e avec succ\u00e8s au niveau du coude.<\/p>\n<p class=\"fig-paragraph\">La championne olympique en titre,\u00a0<a href=\"http:\/\/www.lefigaro.fr\/sports\/tennis\/wimbledon\/wimbledon-zheng-6e-mondiale-sort-au-premier-tour-pour-la-troisieme-annee-d-affilee-20250701\" data-fig-type=\"NewsFlash\" data-gtm-custom-categorie=\"navigation\" data-gtm-custom-action=\"crossclick\" data-gtm-custom-label=\"Contextuel\" data-gtm-event=\"customEventSPE\" data-fig-domain=\"LEFIGARO\" target=\"_blank\" rel=\"noopener\">\u00e9limin\u00e9e au premier tour de Wimbledon<\/a>, a expliqu\u00e9 souffrir \u00abde douleurs au coude droit depuis un certain temps. Il m\u2019a \u00e9t\u00e9 recommand\u00e9 de subir une chirurgie arthroscopique afin de r\u00e9soudre d\u00e9finitivement le probl\u00e8me\u00bb.<\/p>\n<p>                                    <a class=\"fig-a11y-skip a11y-hidden\" href=\"#fig-a11y-skip-main-inarticle\"><br \/>\n        Passer la publicit\u00e9<br \/>\n    <\/a><\/p>\n<p>Pas de date de retour<\/p>\n<p class=\"fig-paragraph\">La num\u00e9ro une chinoise a assur\u00e9 que cette op\u00e9ration \u00e9tait la \u00abmeilleure option\u00bb. Qinwen Zheng a par la suite \u00e9voqu\u00e9 une \u00abcourte pause\u00bb sans donner plus de d\u00e9tail sur son retour\u00a0: \u00abau cours des prochaines semaines et des prochains mois, je me concentrerai enti\u00e8rement sur la r\u00e9\u00e9ducation et je ferai tout ce qui est en mon pouvoir pour revenir plus forte et en meilleure sant\u00e9\u00bb, a-t-elle conclu.<\/p>\n","protected":false},"excerpt":{"rendered":"Qinwen Zheng va manquer plusieurs semaines de comp\u00e9tition. La Chinoise a confirm\u00e9 sur Instagram qu\u2019elle avait \u00e9t\u00e9 op\u00e9r\u00e9e&hellip;\n","protected":false},"author":2,"featured_media":261850,"comment_status":"","ping_status":"","sticky":false,"template":"","format":"standard","meta":{"footnotes":""},"categories":[1415],"tags":[1011,27,2200,60,1467,4170],"class_list":{"0":"post-261849","1":"post","2":"type-post","3":"status-publish","4":"format-standard","5":"has-post-thumbnail","7":"category-tennis","8":"tag-fr","9":"tag-france","10":"tag-iga-swiatek","11":"tag-sports","12":"tag-tennis","13":"tag-wta"},"share_on_mastodon":{"url":"https:\/\/pubeurope.com\/@fr\/114887432799175269","error":""},"_links":{"self":[{"href":"https:\/\/www.europesays.com\/fr\/wp-json\/wp\/v2\/posts\/261849","targetHints":{"allow":["GET"]}}],"collection":[{"href":"https:\/\/www.europesays.com\/fr\/wp-json\/wp\/v2\/posts"}],"about":[{"href":"https:\/\/www.europesays.com\/fr\/wp-json\/wp\/v2\/types\/post"}],"author":[{"embeddable":true,"href":"https:\/\/www.europesays.com\/fr\/wp-json\/wp\/v2\/users\/2"}],"replies":[{"embeddable":true,"href":"https:\/\/www.europesays.com\/fr\/wp-json\/wp\/v2\/comments?post=261849"}],"version-history":[{"count":0,"href":"https:\/\/www.europesays.com\/fr\/wp-json\/wp\/v2\/posts\/261849\/revisions"}],"wp:featuredmedia":[{"embeddable":true,"href":"https:\/\/www.europesays.com\/fr\/wp-json\/wp\/v2\/media\/261850"}],"wp:attachment":[{"href":"https:\/\/www.europesays.com\/fr\/wp-json\/wp\/v2\/media?parent=261849"}],"wp:term":[{"taxonomy":"category","embeddable":true,"href":"https:\/\/www.europesays.com\/fr\/wp-json\/wp\/v2\/categories?post=261849"},{"taxonomy":"post_tag","embeddable":true,"href":"https:\/\/www.europesays.com\/fr\/wp-json\/wp\/v2\/tags?post=261849"}],"curies":[{"name":"wp","href":"https:\/\/api.w.org\/{rel}","templated":true}]}}