{"id":261851,"date":"2025-07-20T20:25:11","date_gmt":"2025-07-20T20:25:11","guid":{"rendered":"https:\/\/www.europesays.com\/fr\/261851\/"},"modified":"2025-07-20T20:25:11","modified_gmt":"2025-07-20T20:25:11","slug":"sixieme-a-brno-quartararo-a-hate-de-recharger-les-batteries-apres-une-tres-longue-1re-partie-de-saison","status":"publish","type":"post","link":"https:\/\/www.europesays.com\/fr\/261851\/","title":{"rendered":"Sixi\u00e8me \u00e0 Brno, Quartararo a h\u00e2te de recharger les batteries apr\u00e8s \u00ab une tr\u00e8s longue 1re partie de saison \u00bb"},"content":{"rendered":"<p>Les week-ends se suivent et se ressemblent pour <a href=\"https:\/\/www.autohebdo.fr\/actualites\/tag\/fabio-quartararo\" data-internallinksmanager029f6b8e52c=\"15\" title=\"Fabio Quartararo\" target=\"_blank\" rel=\"noopener\">Fabio Quartararo<\/a> en <a href=\"https:\/\/www.autohebdo.fr\/actualites\/motogp\" data-internallinksmanager029f6b8e52c=\"4\" title=\"MotoGP\" target=\"_blank\" rel=\"noopener\">MotoGP<\/a>. Le Fran\u00e7ais, une nouvelle fois tr\u00e8s performant en qualifications avec une place en premi\u00e8re ligne, a connu plus de difficult\u00e9s pour maintenir son rang tout au long du Grand Prix de Tch\u00e9quie \u00e0 Brno. Il a finalement ralli\u00e9 l\u2019arriv\u00e9e au sixi\u00e8me rang, devant un Jorge Mart\u00edn extr\u00eamement impressionnant pour son retour en piste apr\u00e8s trois mois d\u2019inactivit\u00e9.<\/p>\n<p>Le Fran\u00e7ais, qui a r\u00e9cemment \u00e9lev\u00e9 la voix face aux difficult\u00e9s de Yamaha, a tout de m\u00eame qualifi\u00e9 sa course de \u00ab plus que correcte \u00bb au micro de Canal+. L\u00e9g\u00e8rement fataliste, le champion du monde 2021 connait d\u00e9sormais bien les limitations d\u2019une YZR-M1 qui est tout de m\u00eame parvenue \u00e0 hausser son niveau de jeu cette saison.<\/p>\n<p>\u00ab Nous avons toujours du probl\u00e8me dans les cinq premiers tours, c\u2019est l\u00e0 o\u00f9 nous essayons de nous am\u00e9liorer. Ensuite, le rythme que nous pouvons produire en course, c\u2019est le n\u00f4tre, tout simplement. Nous savons clairement que les autres marques ont un peu plus de grip, un peu plus de puissance, ce qui est important ici. Je pense que nous avons tout de m\u00eame fait une course plus que correcte. \u00bb<\/p>\n<p>Alors que le MotoGP entame d\u00e9sormais sa tr\u00eave estivale avant le Grand Prix d\u2019Autriche dans pr\u00e8s d\u2019un mois, \u00ab El Diablo \u00bb accueille cette pause forc\u00e9e avec soulagement ! Il faut dire que depuis les essais de Sepang en f\u00e9vrier, lui et Yamaha n\u2019ont pas ch\u00f4m\u00e9. La marque japonaise disposant d\u2019importantes concessions pour tenter de combler son retard sur Ducati, Quartararo a pu participer \u00e0 plusieurs s\u00e9ances d\u2019essais priv\u00e9s, tout comme son \u00e9quipier \u00c1lex Rins.<\/p>\n<p>\u00ab Je ne sais pas quel sera mon \u00e9tat d\u2019esprit, mais je suis content de partir en vacances ! Sinc\u00e8rement, ce fut une tr\u00e8s longue premi\u00e8re partie de saison, nous avons aussi fait des essais priv\u00e9s un peu partout, c\u2019\u00e9tait tr\u00e8s long et maintenant il va falloir profiter de la pause et rejoindre nos amis. \u00bb<\/p>\n<p><strong>\u00c0 LIRE AUSSI &gt; <a href=\"https:\/\/www.autohebdo.fr\/actualites\/motogp\/motogp-gp-de-tchequie-course.html\" target=\"_blank\" rel=\"noopener\">GP de Tch\u00e9quie \u2013 Course : Marc Marquez ne trouve aucun adversaire \u00e0 sa taille<\/a><\/strong><\/p>\n","protected":false},"excerpt":{"rendered":"Les week-ends se suivent et se ressemblent pour Fabio Quartararo en MotoGP. Le Fran\u00e7ais, une nouvelle fois tr\u00e8s&hellip;\n","protected":false},"author":2,"featured_media":261852,"comment_status":"","ping_status":"","sticky":false,"template":"","format":"standard","meta":{"footnotes":""},"categories":[1413],"tags":[1680,1011,27,40071,1457,1456,1458,60,4921],"class_list":{"0":"post-261851","1":"post","2":"type-post","3":"status-publish","4":"format-standard","5":"has-post-thumbnail","7":"category-moto","8":"tag-fabio-quartararo","9":"tag-fr","10":"tag-france","11":"tag-grand-prix-de-tchequie","12":"tag-moto","13":"tag-motocycle","14":"tag-motogp","15":"tag-sports","16":"tag-yamaha"},"share_on_mastodon":{"url":"https:\/\/pubeurope.com\/@fr\/114887440708446449","error":""},"_links":{"self":[{"href":"https:\/\/www.europesays.com\/fr\/wp-json\/wp\/v2\/posts\/261851","targetHints":{"allow":["GET"]}}],"collection":[{"href":"https:\/\/www.europesays.com\/fr\/wp-json\/wp\/v2\/posts"}],"about":[{"href":"https:\/\/www.europesays.com\/fr\/wp-json\/wp\/v2\/types\/post"}],"author":[{"embeddable":true,"href":"https:\/\/www.europesays.com\/fr\/wp-json\/wp\/v2\/users\/2"}],"replies":[{"embeddable":true,"href":"https:\/\/www.europesays.com\/fr\/wp-json\/wp\/v2\/comments?post=261851"}],"version-history":[{"count":0,"href":"https:\/\/www.europesays.com\/fr\/wp-json\/wp\/v2\/posts\/261851\/revisions"}],"wp:featuredmedia":[{"embeddable":true,"href":"https:\/\/www.europesays.com\/fr\/wp-json\/wp\/v2\/media\/261852"}],"wp:attachment":[{"href":"https:\/\/www.europesays.com\/fr\/wp-json\/wp\/v2\/media?parent=261851"}],"wp:term":[{"taxonomy":"category","embeddable":true,"href":"https:\/\/www.europesays.com\/fr\/wp-json\/wp\/v2\/categories?post=261851"},{"taxonomy":"post_tag","embeddable":true,"href":"https:\/\/www.europesays.com\/fr\/wp-json\/wp\/v2\/tags?post=261851"}],"curies":[{"name":"wp","href":"https:\/\/api.w.org\/{rel}","templated":true}]}}