{"id":261855,"date":"2025-07-20T20:27:10","date_gmt":"2025-07-20T20:27:10","guid":{"rendered":"https:\/\/www.europesays.com\/fr\/261855\/"},"modified":"2025-07-20T20:27:10","modified_gmt":"2025-07-20T20:27:10","slug":"tdf-tour-de-france-kevin-vauquelin-il-ny-a-pas-de-journee-facile-sur-le-tour","status":"publish","type":"post","link":"https:\/\/www.europesays.com\/fr\/261855\/","title":{"rendered":"TDF. Tour de France &#8211; K\u00e9vin Vauquelin : \u00abIl n\u2019y a pas de journ\u00e9e facile sur le Tour&#8230;\u00bb"},"content":{"rendered":"<p>Malgr\u00e9 quelques frayeurs dans la premi\u00e8re partie de cette 15e \u00e9tape du <strong><a href=\"https:\/\/www.cyclismactu.net\/..\/news-tdf-route-tour-de-france-voici-comment-un-francais-peut-gagner-une-etape-sur-tour-89105.html\" target=\"_blank\" rel=\"nofollow noopener\">Tour de France<\/a><\/strong>, encore une fois courue sur un rythme infernal qui ne laisse la place \u00e0 aucune erreur, <strong>K\u00e9vin Vauquelin<\/strong> a ralli\u00e9 l&rsquo;arriv\u00e9e \u00e0 Carcassonne sans perdre de temps sur ses rivaux et va donc aborder la derni\u00e8re semaine de cette 112e \u00e9dition en 5e position du classement g\u00e9n\u00e9ral. Alors que beaucoup esp\u00e9raient une journ\u00e9e un peu plus calme et de transition ce dimanche entre les Pyr\u00e9n\u00e9es et les Alpes, il n&rsquo;en a comme souvent cette ann\u00e9e rien \u00e9t\u00e9, avec une grosse chute en d\u00e9but de course et une longue bataille pour l&rsquo;\u00e9chapp\u00e9e qui ont sem\u00e9 le chaos pendant deux bonnes heures. A nouveau tr\u00e8s bien \u00e9paul\u00e9 par son \u00e9quipe pour r\u00e9tablir la situation apr\u00e8s un incident m\u00e9canique, le leader d&rsquo;<strong>Ark\u00e9a-B&amp;B Hotels<\/strong> est revenu apr\u00e8s la ligne sur cette \u00e9tape compliqu\u00e9e \u00e0 la veille d&rsquo;une journ\u00e9e de repos salvatrice \u00e0\u00a0Montpellier.<\/p>\n<p>Vid\u00e9o &#8211; Les Fran\u00e7ais n&rsquo;ont toujours pas gagn\u00e9 sur ce Tour de France Lire la suite de l&rsquo;article&#13;<\/p>\n<p>\u00a0<\/p>\n<p>&#13;<br \/>\n\u00ab\u00a0Mes co\u00e9quipiers ont encore une fois effectu\u00e9 un travail extraordinaire\u00a0\u00bb&#13;<\/p>\n<p>\u00ab\u00a0Il n\u2019y a pas de journ\u00e9e \u00ab\u00a0facile\u00a0\u00bb sur le Tour. Une chute en d\u00e9but d\u2019\u00e9tape a d\u00e9sorganis\u00e9 le peloton, et cela a cass\u00e9 le celui-ci. Et lorsque je reviens devant, je sens que j\u2019ai crev\u00e9. Je change de v\u00e9lo le plus vite possible, mais \u00e0 ce moment-l\u00e0 se forment des bordures. J\u2019\u00e9tais dans la derni\u00e8re. Mes co\u00e9quipiers ont encore une fois effectu\u00e9 un travail extraordinaire. Ils se sont tous regroup\u00e9s autour de moi, et ainsi tous ensemble, nous avons remont\u00e9 et r\u00e9ussi \u00e0 rentrer dans le peloton. Je les en remercie. Leur boulot a \u00e9t\u00e9 une nouvelle fois fantastique. On a bien cravach\u00e9, mais ensuite cela s\u2019est pos\u00e9 au sein du peloton. Il n\u2019y a pas d\u2019\u00e9tape de transition sur ce Tour de France, car tout le monde au quotidien d\u00e9fend ses int\u00e9r\u00eats, donc il est normal que cela roule vite\u00a0\u00bb, a conclu\u00a0<strong>K\u00e9vin Vauquelin.<\/strong><\/p>\n<p>Tour de France &#8211; Classement de la 15\u00e8 \u00e9tape Tour de France &#8211; Classement g\u00e9n\u00e9ral provisoire apr\u00e8s la 15\u00e8 \u00e9tape<\/p>\n","protected":false},"excerpt":{"rendered":"Malgr\u00e9 quelques frayeurs dans la premi\u00e8re partie de cette 15e \u00e9tape du Tour de France, encore une fois&hellip;\n","protected":false},"author":2,"featured_media":261856,"comment_status":"","ping_status":"","sticky":false,"template":"","format":"standard","meta":{"footnotes":""},"categories":[1411],"tags":[1154,207,211,1011,27,209,60,210,212,208,213],"class_list":{"0":"post-261855","1":"post","2":"type-post","3":"status-publish","4":"format-standard","5":"has-post-thumbnail","7":"category-cyclisme","8":"tag-cycling","9":"tag-cyclisme","10":"tag-ffc","11":"tag-fr","12":"tag-france","13":"tag-route","14":"tag-sports","15":"tag-tour-de-france","16":"tag-uci","17":"tag-velo","18":"tag-world-tour"},"share_on_mastodon":{"url":"https:\/\/pubeurope.com\/@fr\/114887448543712130","error":""},"_links":{"self":[{"href":"https:\/\/www.europesays.com\/fr\/wp-json\/wp\/v2\/posts\/261855","targetHints":{"allow":["GET"]}}],"collection":[{"href":"https:\/\/www.europesays.com\/fr\/wp-json\/wp\/v2\/posts"}],"about":[{"href":"https:\/\/www.europesays.com\/fr\/wp-json\/wp\/v2\/types\/post"}],"author":[{"embeddable":true,"href":"https:\/\/www.europesays.com\/fr\/wp-json\/wp\/v2\/users\/2"}],"replies":[{"embeddable":true,"href":"https:\/\/www.europesays.com\/fr\/wp-json\/wp\/v2\/comments?post=261855"}],"version-history":[{"count":0,"href":"https:\/\/www.europesays.com\/fr\/wp-json\/wp\/v2\/posts\/261855\/revisions"}],"wp:featuredmedia":[{"embeddable":true,"href":"https:\/\/www.europesays.com\/fr\/wp-json\/wp\/v2\/media\/261856"}],"wp:attachment":[{"href":"https:\/\/www.europesays.com\/fr\/wp-json\/wp\/v2\/media?parent=261855"}],"wp:term":[{"taxonomy":"category","embeddable":true,"href":"https:\/\/www.europesays.com\/fr\/wp-json\/wp\/v2\/categories?post=261855"},{"taxonomy":"post_tag","embeddable":true,"href":"https:\/\/www.europesays.com\/fr\/wp-json\/wp\/v2\/tags?post=261855"}],"curies":[{"name":"wp","href":"https:\/\/api.w.org\/{rel}","templated":true}]}}