{"id":261861,"date":"2025-07-20T20:30:12","date_gmt":"2025-07-20T20:30:12","guid":{"rendered":"https:\/\/www.europesays.com\/fr\/261861\/"},"modified":"2025-07-20T20:30:12","modified_gmt":"2025-07-20T20:30:12","slug":"echenoz-la-meline-lartiste-fosr-mondialement-connu-a-realise-une-peinture-ephemere-a-echenoz-la-meline","status":"publish","type":"post","link":"https:\/\/www.europesays.com\/fr\/261861\/","title":{"rendered":"\u00c9chenoz-la-M\u00e9line. L\u2019artiste FOSR mondialement connu a r\u00e9alis\u00e9 une peinture \u00e9ph\u00e9m\u00e8re \u00e0 \u00c9chenoz-la-M\u00e9line"},"content":{"rendered":"<p>L\u2019artiste FOSR (prononcez Fosser), 31 ans originaire des Vosges, d\u00e9veloppe une approche artistique singuli\u00e8re qui remporte un succ\u00e8s toujours croissant. FOSR est un street artiste qui veut sortir le street-art des sentiers battus : \u00ab Je travaille l\u00e0 o\u00f9 l\u2019art n\u2019est pas cens\u00e9 exister, dans des milieux inattendus \u00bb. Comme celui de l\u2019ancienne carri\u00e8re \u00e0 \u00c9chenoz-la-M\u00e9line, le long de la RN 57, et sa falaise abrupte bien connue des adeptes de l\u2019escalade du Club alpin v\u00e9sulien o\u00f9 FOSR a r\u00e9alis\u00e9 vendredi 18 juillet \u00e0 la peinture biod\u00e9gradable une \u0153uvre dite \u00e9ph\u00e9m\u00e8re tr\u00e8s originale. <\/p>\n<p>Avec comme fil conducteur un fossile, l\u2019artiste qui compte un nombre incalculable d\u2019\u0153uvres \u00e0 son actif sur toute la plan\u00e8te a peint en \u00e9quilibre un dinosaure. \u00ab Cela m\u2019a demand\u00e9 une bonne journ\u00e9e de travail \u00e0 20 m\u00e8tres de hauteur en rappel le long de la paroi rocheuse dans le vide \u00bb. FOSR remercie la municipalit\u00e9 m\u00e9linoise de lui avoir autoris\u00e9 \u00e0 exprimer son immense talent. \u00ab Ce sont des amis qui m\u2019ont parl\u00e9 de ce site. J\u2019ai ador\u00e9 cette connexion avec la nature, dans un cadre magnifique un peu comme quand je pratiquais le parapente \u00bb, avoue celui qui a fait de sa passion, son m\u00e9tier depuis six ans.<\/p>\n<p>  La m\u00e9t\u00e9o d\u00e9cidera de sa dur\u00e9e de vie<\/p>\n<p>Des sommets des montagnes, en passant par les calanques de Marseille, des pistes de Courchevel aux courts de Roland-Garros, FOSR va laisser une trace de son art et son talent d\u2019une fa\u00e7on non ind\u00e9l\u00e9bile \u00e0 \u00c9chenoz-la-M\u00e9line \u00ab J\u2019utilise une peinture ext\u00e9rieure \u00e9cologique, les conditions m\u00e9t\u00e9o d\u00e9cideront de la dur\u00e9e de ma fresque dans le temps \u00bb, pr\u00e9cise celui qui sera \u00e0 Montr\u00e9al d\u00e8s lundi pour une \u0153uvre cette fois-ci au sol.<\/p>\n<p>Aujourd\u2019hui sp\u00e9cialis\u00e9 dans le <a href=\"https:\/\/www.estrepublicain.fr\/insolite\/2025\/05\/09\/le-village-se-mobilise-pour-le-passage-du-tour-de-france\" target=\"_blank\" rel=\"noopener\">land art<\/a> qui est une tendance de l\u2019art contemporain utilisant le cadre et les mat\u00e9riaux de la nature, FOSR comme <a href=\"https:\/\/www.estrepublicain.fr\/culture-loisirs\/2025\/07\/12\/le-championnat-de-caisses-a-savon-arrive-dimanche-prochain\" target=\"_blank\" rel=\"noopener\">\u00c9chenoz-la-M\u00e9line<\/a> r\u00e9alise ses \u0153uvres en ext\u00e9rieur. \u00ab Elles sont expos\u00e9es aux \u00e9l\u00e9ments et soumises \u00e0 l\u2019\u00e9rosion naturelle, certaines \u0153uvres ont disparu et il ne reste que leur souvenir photographique et des vid\u00e9os \u00bb, conclut l\u2019artiste.<\/p>\n","protected":false},"excerpt":{"rendered":"L\u2019artiste FOSR (prononcez Fosser), 31 ans originaire des Vosges, d\u00e9veloppe une approche artistique singuli\u00e8re qui remporte un succ\u00e8s&hellip;\n","protected":false},"author":2,"featured_media":261862,"comment_status":"","ping_status":"","sticky":false,"template":"","format":"standard","meta":{"footnotes":""},"categories":[1358],"tags":[1348,1384,1385,14204,1687,1386,58,40162,8698,59,1011,27],"class_list":{"0":"post-261861","1":"post","2":"type-post","3":"status-publish","4":"format-standard","5":"has-post-thumbnail","7":"category-arts-et-design","8":"tag-arts","9":"tag-arts-and-design","10":"tag-arts-et-design","11":"tag-ca-de-vesoul-70a","12":"tag-culture-loisirs","13":"tag-design","14":"tag-divertissement","15":"tag-echenoz-la-meline","16":"tag-edition-vesoul-haute-saone","17":"tag-entertainment","18":"tag-fr","19":"tag-france"},"share_on_mastodon":{"url":"https:\/\/pubeurope.com\/@fr\/114887460341198109","error":""},"_links":{"self":[{"href":"https:\/\/www.europesays.com\/fr\/wp-json\/wp\/v2\/posts\/261861","targetHints":{"allow":["GET"]}}],"collection":[{"href":"https:\/\/www.europesays.com\/fr\/wp-json\/wp\/v2\/posts"}],"about":[{"href":"https:\/\/www.europesays.com\/fr\/wp-json\/wp\/v2\/types\/post"}],"author":[{"embeddable":true,"href":"https:\/\/www.europesays.com\/fr\/wp-json\/wp\/v2\/users\/2"}],"replies":[{"embeddable":true,"href":"https:\/\/www.europesays.com\/fr\/wp-json\/wp\/v2\/comments?post=261861"}],"version-history":[{"count":0,"href":"https:\/\/www.europesays.com\/fr\/wp-json\/wp\/v2\/posts\/261861\/revisions"}],"wp:featuredmedia":[{"embeddable":true,"href":"https:\/\/www.europesays.com\/fr\/wp-json\/wp\/v2\/media\/261862"}],"wp:attachment":[{"href":"https:\/\/www.europesays.com\/fr\/wp-json\/wp\/v2\/media?parent=261861"}],"wp:term":[{"taxonomy":"category","embeddable":true,"href":"https:\/\/www.europesays.com\/fr\/wp-json\/wp\/v2\/categories?post=261861"},{"taxonomy":"post_tag","embeddable":true,"href":"https:\/\/www.europesays.com\/fr\/wp-json\/wp\/v2\/tags?post=261861"}],"curies":[{"name":"wp","href":"https:\/\/api.w.org\/{rel}","templated":true}]}}