{"id":261877,"date":"2025-07-20T20:39:12","date_gmt":"2025-07-20T20:39:12","guid":{"rendered":"https:\/\/www.europesays.com\/fr\/261877\/"},"modified":"2025-07-20T20:39:12","modified_gmt":"2025-07-20T20:39:12","slug":"votre-cerveau-vous-trompe-tout-ce-que-vous-voyez-date-dil-y-a-15-secondes-selon-une-etude","status":"publish","type":"post","link":"https:\/\/www.europesays.com\/fr\/261877\/","title":{"rendered":"Votre cerveau vous trompe&#8230;Tout ce que vous voyez date d&rsquo;il y a 15 secondes, selon une \u00e9tude"},"content":{"rendered":"<p data-start=\"212\" data-end=\"744\">Ouvrez l\u2019appareil photo de votre<br \/>\nt\u00e9l\u00e9phone, passez en mode vid\u00e9o, et fixez l\u2019\u00e9cran en essayant de<br \/>\nvous en servir comme d\u2019un viseur. L\u2019image tremble, les formes se<br \/>\nd\u00e9forment l\u00e9g\u00e8rement, et la fluidit\u00e9 laisse \u00e0 d\u00e9sirer. C\u2019est<br \/>\ninconfortable, parfois m\u00eame naus\u00e9eux. Pourtant, ce que vous voyez<br \/>\nsur cet <a href=\"https:\/\/sciencepost.fr\/des-psychologues-ont-suivi-le-temps-passe-devant-les-ecrans-de-292-000-enfants-leurs-conclusions-sont-alarmantes\/\" target=\"_blank\" rel=\"noopener nofollow\">\u00e9cran<\/a> est un reflet fid\u00e8le de ce<br \/>\nque vos yeux per\u00e7oivent r\u00e9ellement. La diff\u00e9rence ? Votre cerveau,<br \/>\nlui, intervient pour corriger, lisser, stabiliser. Et il le fait de<br \/>\nmani\u00e8re si subtile que vous ne vous en rendez m\u00eame pas compte.<\/p>\n<p data-start=\"746\" data-end=\"1269\">Des chercheurs de l\u2019Universit\u00e9<br \/>\nd\u2019Aberdeen et de l\u2019Universit\u00e9 de Californie \u00e0 Berkeley ont<br \/>\nr\u00e9cemment mis en lumi\u00e8re un ph\u00e9nom\u00e8ne aussi fascinant qu\u2019invisible<br \/>\n: une illusion visuelle naturelle, constante, qui nous maintient<br \/>\ndans une perception du pass\u00e9, plut\u00f4t que du pr\u00e9sent. L\u2019\u00e9tude,<br \/>\npubli\u00e9e dans <a href=\"https:\/\/www.science.org\/doi\/10.1126\/sciadv.abk2480\" target=\"_blank\" rel=\"noopener nofollow\">Science Advances<\/a>, d\u00e9voile que notre cerveau ne<br \/>\nper\u00e7oit pas le monde en temps r\u00e9el, mais s\u2019appuie sur les 15<br \/>\nderni\u00e8res secondes pour cr\u00e9er une image visuelle coh\u00e9rente et<br \/>\nfluide de notre environnement.<\/p>\n<p>Vivre dans le pass\u00e9 pour<br \/>\nsurvivre au pr\u00e9sent<\/p>\n<p data-start=\"1322\" data-end=\"1831\">La stabilit\u00e9 de notre champ de<br \/>\nvision est une prouesse neurobiologique. \u00c0 chaque seconde, nos yeux<br \/>\ncaptent des images instables, sujettes \u00e0 des changements de<br \/>\nlumi\u00e8re, d\u2019angle, de distance, de mouvement. Ajoutez \u00e0 cela les<br \/>\nclignements, les micro-mouvements oculaires, les objets qui<br \/>\ns\u2019interposent ou disparaissent temporairement. Et pourtant, tout<br \/>\nsemble stable. Les objets restent l\u00e0 o\u00f9 ils sont. Les visages ne se<br \/>\nd\u00e9forment pas. Le monde ne vibre pas comme une vid\u00e9o tremblotante<br \/>\nsur un \u00e9cran de smartphone.<\/p>\n<p data-start=\"1833\" data-end=\"2259\">Pourquoi ? Parce que notre<br \/>\ncerveau lisse le temps. Il ne se contente pas d\u2019analyser l\u2019instant<br \/>\npr\u00e9sent : il moyenne les informations visuelles re\u00e7ues au cours des<br \/>\nsecondes pr\u00e9c\u00e9dentes. Ce m\u00e9canisme, appel\u00e9 d\u00e9pendance s\u00e9rielle,<br \/>\nnous fait percevoir les objets comme plus semblables \u00e0 ceux que<br \/>\nnous avons d\u00e9j\u00e0 vus. R\u00e9sultat : une illusion de continuit\u00e9<br \/>\nvisuelle, un monde qui semble stable, m\u00eame quand il ne l\u2019est<br \/>\npas.<\/p>\n<p>Une illusion quotidienne\u2026 et<br \/>\nn\u00e9cessaire<\/p>\n<p data-start=\"2307\" data-end=\"2798\">L\u2019\u00e9tude s\u2019appuie sur une s\u00e9rie<br \/>\nd\u2019exp\u00e9riences intrigantes. Les chercheurs ont demand\u00e9 \u00e0 des<br \/>\nparticipants d\u2019observer un visage changeant progressivement d\u2019\u00e2ge,<br \/>\ndans un sens (jeune vers vieux) ou dans l\u2019autre. Le r\u00e9sultat ? La<br \/>\nmajorit\u00e9 des participants sous-estimaient ou surestimaient<br \/>\nsyst\u00e9matiquement l\u2019\u00e2ge r\u00e9el du visage affich\u00e9, en fonction des<br \/>\nimages pr\u00e9c\u00e9dentes. Ce biais perceptif persistait m\u00eame lorsque les<br \/>\nchercheurs ins\u00e9raient des pauses de plusieurs secondes entre chaque<br \/>\nimage.<\/p>\n<p data-start=\"2800\" data-end=\"3132\">Autrement dit, notre<br \/>\nperception visuelle actuelle est contamin\u00e9e par les images pass\u00e9es,<br \/>\ncomme si notre cerveau refusait de tout r\u00e9initialiser \u00e0 chaque<br \/>\ninstant. Il choisit plut\u00f4t de fusionner les donn\u00e9es dans une<br \/>\nrepr\u00e9sentation coh\u00e9rente, plus confortable et moins d\u00e9routante. Ce<br \/>\nn\u2019est pas un bug : c\u2019est une fonctionnalit\u00e9.<\/p>\n<p data-start=\"3134\" data-end=\"3654\">Ce lissage temporel est<br \/>\nd\u2019autant plus pr\u00e9cieux que notre environnement visuel est<br \/>\nchaotique. Les images projet\u00e9es sur notre r\u00e9tine sont en<br \/>\nperp\u00e9tuelle agitation. Le cerveau, pour pr\u00e9server la stabilit\u00e9 de<br \/>\nnotre perception, doit ignorer ou absorber une partie de ce bruit.<br \/>\nEn int\u00e9grant des informations pass\u00e9es, il parvient \u00e0 dissimuler les<br \/>\ntremblements, les micro-variations, les changements subtils. Une<br \/>\nimage mentale fluide, m\u00eame si elle est l\u00e9g\u00e8rement fausse, vaut<br \/>\nmieux qu\u2019un flux instable de perceptions brutes.<\/p>\n<p><img loading=\"lazy\" data-lazyloaded=\"1\" decoding=\"async\" class=\"size-full wp-image-310816\" src=\"https:\/\/www.europesays.com\/fr\/wp-content\/uploads\/2025\/06\/eye-1132531_1280.jpg\" alt=\"oeil yeux lentilles\" width=\"1280\" height=\"766\"  data-\/><br \/>\nCr\u00e9dits : ClickerHappy\/pixabayUne strat\u00e9gie cognitive avec<br \/>\nses limites<\/p>\n<p data-start=\"3703\" data-end=\"4029\">Mais ce m\u00e9canisme a aussi ses<br \/>\ninconv\u00e9nients. En nous ancrant dans un pass\u00e9 visuel r\u00e9cent, il peut<br \/>\nnous rendre aveugles aux changements subtils. C\u2019est ce qu\u2019on<br \/>\nappelle la c\u00e9cit\u00e9 au changement : un objet modifi\u00e9 ou d\u00e9plac\u00e9<br \/>\n\u00e9chappe \u00e0 notre attention, car notre cerveau n\u2019actualise pas<br \/>\nimm\u00e9diatement sa repr\u00e9sentation.<\/p>\n<p data-start=\"4031\" data-end=\"4438\">Un autre ph\u00e9nom\u00e8ne connexe est<br \/>\nla c\u00e9cit\u00e9 inattentionnelle : lorsqu\u2019un \u00e9l\u00e9ment visible n\u2019est pas<br \/>\nper\u00e7u simplement parce que notre attention est dirig\u00e9e ailleurs.<br \/>\nEnsemble, ces biais r\u00e9v\u00e8lent que notre perception est moins<br \/>\nobjective qu\u2019elle n\u2019y para\u00eet. Elle est model\u00e9e par notre m\u00e9moire<br \/>\nimm\u00e9diate, notre attention, et les priorit\u00e9s que notre cerveau<br \/>\n\u00e9tablit inconsciemment pour garantir la coh\u00e9rence.<\/p>\n<p>Des applications bien<br \/>\nr\u00e9elles<\/p>\n<p data-start=\"4476\" data-end=\"4988\">Ces recherches ont des<br \/>\nimplications concr\u00e8tes. Elles inspirent d\u00e9j\u00e0 des technologies de<br \/>\nstabilisation vid\u00e9o sur les smartphones, qui imitent ce que notre<br \/>\ncerveau fait naturellement. Elles pourraient aussi \u00e9clairer des<br \/>\ntroubles neurologiques affectant la perception visuelle ou<br \/>\nl\u2019attention. Mieux comprendre comment le cerveau reconstruit en<br \/>\npermanence notre r\u00e9alit\u00e9 pourrait aider \u00e0 concevoir des syst\u00e8mes<br \/>\nd\u2019assistance visuelle, des interfaces immersives plus naturelles ou<br \/>\ndes outils de diagnostic cognitif.<\/p>\n<p data-start=\"4990\" data-end=\"5366\">Mais plus fondamentalement,<br \/>\nces d\u00e9couvertes nous rappellent une v\u00e9rit\u00e9 troublante : ce que nous<br \/>\nvoyons n\u2019est jamais tout \u00e0 fait r\u00e9el. Notre cerveau, soucieux de<br \/>\nconfort, pr\u00e9f\u00e8re une version stable du monde \u00e0 une v\u00e9rit\u00e9 brute et<br \/>\ninstable. Il nous retarde, volontairement, de quelques secondes. Et<br \/>\ngr\u00e2ce \u00e0 ce d\u00e9calage, nous parvenons \u00e0 voir clair dans le tumulte du<br \/>\npr\u00e9sent.<\/p>\n","protected":false},"excerpt":{"rendered":"Ouvrez l\u2019appareil photo de votre t\u00e9l\u00e9phone, passez en mode vid\u00e9o, et fixez l\u2019\u00e9cran en essayant de vous en&hellip;\n","protected":false},"author":2,"featured_media":261878,"comment_status":"","ping_status":"","sticky":false,"template":"","format":"standard","meta":{"footnotes":""},"categories":[7],"tags":[1011,27,43,40,41,39,42,44],"class_list":{"0":"post-261877","1":"post","2":"type-post","3":"status-publish","4":"format-standard","5":"has-post-thumbnail","7":"category-sciences-et-technologies","8":"tag-fr","9":"tag-france","10":"tag-science","11":"tag-science-and-technology","12":"tag-sciences","13":"tag-sciences-et-technologies","14":"tag-technologies","15":"tag-technology"},"share_on_mastodon":{"url":"https:\/\/pubeurope.com\/@fr\/114887495831832192","error":""},"_links":{"self":[{"href":"https:\/\/www.europesays.com\/fr\/wp-json\/wp\/v2\/posts\/261877","targetHints":{"allow":["GET"]}}],"collection":[{"href":"https:\/\/www.europesays.com\/fr\/wp-json\/wp\/v2\/posts"}],"about":[{"href":"https:\/\/www.europesays.com\/fr\/wp-json\/wp\/v2\/types\/post"}],"author":[{"embeddable":true,"href":"https:\/\/www.europesays.com\/fr\/wp-json\/wp\/v2\/users\/2"}],"replies":[{"embeddable":true,"href":"https:\/\/www.europesays.com\/fr\/wp-json\/wp\/v2\/comments?post=261877"}],"version-history":[{"count":0,"href":"https:\/\/www.europesays.com\/fr\/wp-json\/wp\/v2\/posts\/261877\/revisions"}],"wp:featuredmedia":[{"embeddable":true,"href":"https:\/\/www.europesays.com\/fr\/wp-json\/wp\/v2\/media\/261878"}],"wp:attachment":[{"href":"https:\/\/www.europesays.com\/fr\/wp-json\/wp\/v2\/media?parent=261877"}],"wp:term":[{"taxonomy":"category","embeddable":true,"href":"https:\/\/www.europesays.com\/fr\/wp-json\/wp\/v2\/categories?post=261877"},{"taxonomy":"post_tag","embeddable":true,"href":"https:\/\/www.europesays.com\/fr\/wp-json\/wp\/v2\/tags?post=261877"}],"curies":[{"name":"wp","href":"https:\/\/api.w.org\/{rel}","templated":true}]}}