{"id":261884,"date":"2025-07-20T20:42:09","date_gmt":"2025-07-20T20:42:09","guid":{"rendered":"https:\/\/www.europesays.com\/fr\/261884\/"},"modified":"2025-07-20T20:42:09","modified_gmt":"2025-07-20T20:42:09","slug":"trois-membres-dune-meme-famille-tues-par-balles-a-la-batie-neuve-pres-de-gap","status":"publish","type":"post","link":"https:\/\/www.europesays.com\/fr\/261884\/","title":{"rendered":"Trois membres d&rsquo;une m\u00eame famille tu\u00e9s par balles \u00e0 La B\u00e2tie-Neuve, pr\u00e8s de Gap"},"content":{"rendered":"<p>C\u2019est un drame qui s\u2019est d\u00e9roul\u00e9 ce dimanche 20\u00a0juillet 2025 \u00e0 la B\u00e2tie-Neuve, dans les Hautes-Alpes. En fin de journ\u00e9e, les secours ont d\u00e9couvert trois corps d\u2019une m\u00eame famille, tu\u00e9s par balles, r\u00e9v\u00e8lent nos confr\u00e8res du m\u00e9dia BFM DICI.<\/p>\n<p>Des informations confirm\u00e9es par la procureure de la R\u00e9publique de Gap, Marion Lozac\u2019hmeur. Il s\u2019agirait des corps du mari, de son \u00e9pouse et de leur fille.<\/p>\n<p>\u00ab\u00a0Le parquet est sur place avec la gendarmerie, et le l\u00e9giste se d\u00e9place \u00e9galement\u00a0\u00bb, a ajout\u00e9 la magistrate aupr\u00e8s de La Provence.<\/p>\n","protected":false},"excerpt":{"rendered":"C\u2019est un drame qui s\u2019est d\u00e9roul\u00e9 ce dimanche 20\u00a0juillet 2025 \u00e0 la B\u00e2tie-Neuve, dans les Hautes-Alpes. En fin&hellip;\n","protected":false},"author":2,"featured_media":261885,"comment_status":"","ping_status":"","sticky":false,"template":"","format":"standard","meta":{"footnotes":""},"categories":[4],"tags":[17,11,4440,274,652,1011,27,2514,3133,12,5912,25,1100,10470],"class_list":{"0":"post-261884","1":"post","2":"type-post","3":"status-publish","4":"format-standard","5":"has-post-thumbnail","7":"category-france","8":"tag-17","9":"tag-actualites","10":"tag-dune","11":"tag-faits-divers-justice","12":"tag-famille","13":"tag-fr","14":"tag-france","15":"tag-membres","16":"tag-meme","17":"tag-news","18":"tag-par","19":"tag-republique-francaise","20":"tag-trois","21":"tag-tues"},"share_on_mastodon":{"url":"https:\/\/pubeurope.com\/@fr\/114887507584737850","error":""},"_links":{"self":[{"href":"https:\/\/www.europesays.com\/fr\/wp-json\/wp\/v2\/posts\/261884","targetHints":{"allow":["GET"]}}],"collection":[{"href":"https:\/\/www.europesays.com\/fr\/wp-json\/wp\/v2\/posts"}],"about":[{"href":"https:\/\/www.europesays.com\/fr\/wp-json\/wp\/v2\/types\/post"}],"author":[{"embeddable":true,"href":"https:\/\/www.europesays.com\/fr\/wp-json\/wp\/v2\/users\/2"}],"replies":[{"embeddable":true,"href":"https:\/\/www.europesays.com\/fr\/wp-json\/wp\/v2\/comments?post=261884"}],"version-history":[{"count":0,"href":"https:\/\/www.europesays.com\/fr\/wp-json\/wp\/v2\/posts\/261884\/revisions"}],"wp:featuredmedia":[{"embeddable":true,"href":"https:\/\/www.europesays.com\/fr\/wp-json\/wp\/v2\/media\/261885"}],"wp:attachment":[{"href":"https:\/\/www.europesays.com\/fr\/wp-json\/wp\/v2\/media?parent=261884"}],"wp:term":[{"taxonomy":"category","embeddable":true,"href":"https:\/\/www.europesays.com\/fr\/wp-json\/wp\/v2\/categories?post=261884"},{"taxonomy":"post_tag","embeddable":true,"href":"https:\/\/www.europesays.com\/fr\/wp-json\/wp\/v2\/tags?post=261884"}],"curies":[{"name":"wp","href":"https:\/\/api.w.org\/{rel}","templated":true}]}}