{"id":261904,"date":"2025-07-20T20:58:15","date_gmt":"2025-07-20T20:58:15","guid":{"rendered":"https:\/\/www.europesays.com\/fr\/261904\/"},"modified":"2025-07-20T20:58:15","modified_gmt":"2025-07-20T20:58:15","slug":"deux-jours-feries-en-moins-des-impacts-considerables-sur-le-tourisme-en-ille-et-vilaine-maville-com-saint-brieuc","status":"publish","type":"post","link":"https:\/\/www.europesays.com\/fr\/261904\/","title":{"rendered":"Deux jours f\u00e9ri\u00e9s en moins, des \u00ab impacts consid\u00e9rables \u00bb sur le tourisme en Ille-et-Vilaine &#8211; Maville.com Saint Brieuc"},"content":{"rendered":"<ol>\n<li><a href=\"https:\/\/news.google.com\/rss\/articles\/CBMi7AFBVV95cUxOWTlnR0pIVVpJTUhLcEJqamxlMDY0bVJlTl8tZmVBLUtkeFVPMXFEdVhJZDRQS2dTTUNXMklfVFZIc1BPRzlkR2swc1N1YjV5WDRBMUdyR0syeXNYWmE4OThXMEo5OWhhZWhHVnR4RlNzVDBFTnJwQmhyeXB0Yzl0VXZGajkycnptNHh1UVRqTU5pQ2hRa0Fsbk55OFdwUGtfNGV5eUJaR0hxc1FaLTgzbXZnbHc3ZHpvbDRsdEVpZWhXQmZFQy1TdGRNeXlCeHY4dGV5QTc0Y0tSZkd0RVpiQTRhZEkwT2NlS0MzWQ?oc=5\" target=\"_blank\" rel=\"noopener\">Deux jours f\u00e9ri\u00e9s en moins, des \u00ab impacts consid\u00e9rables \u00bb sur le tourisme en Ille-et-Vilaine<\/a>&nbsp;&nbsp;Maville.com Saint Brieuc<\/li>\n<li><a href=\"https:\/\/news.google.com\/rss\/articles\/CBMikgFBVV95cUxNdTduakJTT0lKVURvQ0k3RFlKWmUxckRaaFpERk5XLTZBQUtVYnZnTVFfMVMtRTVTa2lJN2t4RXVqNGRhVUV1ZXpiVE1Oem9Lako0cG9PSC1zVlkwNlp1MzRicGgySjZzX2R2anZWRzFvYWltb2lOQ1YtcHlNZVZncXdDY2ZFb2djWG9sZXZQWFFIUQ?oc=5\" target=\"_blank\" rel=\"noopener\">Rima Hassan, la tigresse de papier recycl\u00e9<\/a>&nbsp;&nbsp;Le Figaro<\/li>\n<li><a href=\"https:\/\/news.google.com\/rss\/articles\/CBMi3AFBVV95cUxNUmRlc2tqOEdIblhvT2llLWlsVjFhdjYtXzg2TG1KRzd4S0J5NWg5bGgxTGFNM0RpZnRQMUhLMmdhOGZ0Nk5xREVGLW44RTNrMkZ1RFRoY2Y2VEtOZXdSaDlHN282dXRVaE9NU1V3UTlGYUk3Y0xiZDREVUlXS1pkVWNlNmtrV09ZdXY5OU52X3lWY0d3SmFnU2U1blJFbW5xWlBqQ0E1SWNCa2hKWVBKX2FZV2pTb2ZkMHhwWklpT3BwbEp4bU9UYXZOS2JWRkNvdWxQcWFCRTM2bHdw?oc=5\" target=\"_blank\" rel=\"noopener\">Sur la suppression de deux jours f\u00e9ri\u00e9s, le gouvernement fait miroiter une concession<\/a>&nbsp;&nbsp;Le HuffPost<\/li>\n<li><a href=\"https:\/\/news.google.com\/rss\/articles\/CBMi3gFBVV95cUxONTQ3OVVMYXJKd1M5RjRjUldCS0FrRWxBZWVaVVU2aFoxd0FfY0tPY0RKMTU0RmVvUkFUamIyRXdSU21aUEZKajN1NmdxZmZ5dXpRSnJrSTNMNEFJY1VoUEZKLVdyNHNwSXFySVdadG54UnVhb0V6dFUxOXpFYUhmZElsYlNfX1d5MGhtY2VLdFhoc00wQjRYU2JSVlMzV1RLMDB5Rm5qbDBzWHRyVjBUbzBCbzRra0pteUJid0M0d1NpRHR5SHlhV0k0MVZ0YUVNaTlpR01zZktnTWlaWUE?oc=5\" target=\"_blank\" rel=\"noopener\">Charles de Courson, rapporteur g\u00e9n\u00e9ral de la commission des finances \u00e0 l\u2019Assembl\u00e9e : \u00ab En l\u2019\u00e9tat, je ne vois pas comment ce budget peut passer \u00bb<\/a>&nbsp;&nbsp;Le Monde.fr<\/li>\n<li><a href=\"https:\/\/news.google.com\/rss\/articles\/CBMiuwJBVV95cUxPN3lsWVllMTdVUUI0Y0xSMW9rTXFKbXhTaExSdC1nUzNwbDNwUUtkZjJRd3JSb3VVY2VfSWVZNHJkNmdxTll1V2JUNm1GUUpLQWhPYm1KTGRHY09HZ1lRRDdqTFZnMmF3em5ScC1KVTlaV1JPN0JFOGZDcW5aUlpiV2ttVGNKU2Q1NWVMaFRZLXA1SklHZVBSY1l6NlU0TFVRNjJfbXhYYW5RZW5xcEEzaEREcG15TDFhUlNNbVYyTDhTSWpXNGxQMGJQTlBnV2dPZGxidGN5M2lWSTFLREd0UG9JTmo2OGpRLUdyUmo1RGwzUGdTTDdqSkp1SFM1SEwwNzRtd3NpdzdLa3BRdG1UZ2d2Q3hvR2gxTnltTmVsS2Jqal9nTnFybTYtdHJxOF9qcmRZYXY3M1pyVG8?oc=5\" target=\"_blank\" rel=\"noopener\">\u00ab\u00a0Ils sont contradictoires\u00a0\u00bb: pour Pierre Moscovici, les Fran\u00e7ais sont \u00ab\u00a0pr\u00eats \u00e0 faire un effort (budg\u00e9taire) collectif\u00a0\u00bb mais pas forc\u00e9ment \u00ab\u00a0individuel\u00a0\u00bb<\/a>&nbsp;&nbsp;BFMTV<\/li>\n<\/ol>\n","protected":false},"excerpt":{"rendered":"Deux jours f\u00e9ri\u00e9s en moins, des \u00ab impacts consid\u00e9rables \u00bb sur le tourisme en Ille-et-Vilaine&nbsp;&nbsp;Maville.com Saint Brieuc Rima&hellip;\n","protected":false},"author":2,"featured_media":261905,"comment_status":"","ping_status":"","sticky":false,"template":"","format":"standard","meta":{"footnotes":""},"categories":[2821],"tags":[1111,11,829,40168,1777,674,40167,1011,27,848,35085,7285,12,584,25,4937,602],"class_list":{"0":"post-261904","1":"post","2":"type-post","3":"status-publish","4":"format-standard","5":"has-post-thumbnail","7":"category-rennes","8":"tag-actu","9":"tag-actualites","10":"tag-bretagne","11":"tag-considerables","12":"tag-eu","13":"tag-europe","14":"tag-feries","15":"tag-fr","16":"tag-france","17":"tag-ille-et-vilaine","18":"tag-impacts","19":"tag-jours","20":"tag-news","21":"tag-rennes","22":"tag-republique-francaise","23":"tag-saint-brieuc","24":"tag-tourisme"},"share_on_mastodon":{"url":"https:\/\/pubeurope.com\/@fr\/114887570512569015","error":""},"_links":{"self":[{"href":"https:\/\/www.europesays.com\/fr\/wp-json\/wp\/v2\/posts\/261904","targetHints":{"allow":["GET"]}}],"collection":[{"href":"https:\/\/www.europesays.com\/fr\/wp-json\/wp\/v2\/posts"}],"about":[{"href":"https:\/\/www.europesays.com\/fr\/wp-json\/wp\/v2\/types\/post"}],"author":[{"embeddable":true,"href":"https:\/\/www.europesays.com\/fr\/wp-json\/wp\/v2\/users\/2"}],"replies":[{"embeddable":true,"href":"https:\/\/www.europesays.com\/fr\/wp-json\/wp\/v2\/comments?post=261904"}],"version-history":[{"count":0,"href":"https:\/\/www.europesays.com\/fr\/wp-json\/wp\/v2\/posts\/261904\/revisions"}],"wp:featuredmedia":[{"embeddable":true,"href":"https:\/\/www.europesays.com\/fr\/wp-json\/wp\/v2\/media\/261905"}],"wp:attachment":[{"href":"https:\/\/www.europesays.com\/fr\/wp-json\/wp\/v2\/media?parent=261904"}],"wp:term":[{"taxonomy":"category","embeddable":true,"href":"https:\/\/www.europesays.com\/fr\/wp-json\/wp\/v2\/categories?post=261904"},{"taxonomy":"post_tag","embeddable":true,"href":"https:\/\/www.europesays.com\/fr\/wp-json\/wp\/v2\/tags?post=261904"}],"curies":[{"name":"wp","href":"https:\/\/api.w.org\/{rel}","templated":true}]}}