{"id":261906,"date":"2025-07-20T20:59:14","date_gmt":"2025-07-20T20:59:14","guid":{"rendered":"https:\/\/www.europesays.com\/fr\/261906\/"},"modified":"2025-07-20T20:59:14","modified_gmt":"2025-07-20T20:59:14","slug":"mercato-om-merlin-et-rongier-a-rennes-les-details-financiers-dun-double-transfert","status":"publish","type":"post","link":"https:\/\/www.europesays.com\/fr\/261906\/","title":{"rendered":"Mercato OM\u00a0: Merlin et Rongier \u00e0 Rennes, les d\u00e9tails financiers d\u2019un double transfert"},"content":{"rendered":"<p class=\"paragraph text_align_left lp-f-body-02\">Ce n\u2019est pas un, mais deux transferts que le Stade Rennais s\u2019appr\u00eate \u00e0 boucler en provenance de l\u2019Olympique de Marseille. Comme annonc\u00e9 samedi sur notre site, le club breton avait la volont\u00e9 de faire coup double <a href=\"https:\/\/www.leparisien.fr\/sports\/football\/ligue-1\/mercato-om-en-plus-de-merlin-rennes-regarde-pour-rongier-19-07-2025-X3M3BHZZBFCBNED5FV4GYOY3QM.php\" target=\"_blank\" rel=\"noreferrer nofollow noopener\">en recrutant Quentin Merlin et Valentin Rongier \u00e0 l\u2019OM.<\/a> Un accord a finalement \u00e9t\u00e9 trouv\u00e9 ce dimanche pour jumeler les deux op\u00e9rations.<\/p>\n<p class=\"paragraph text_align_left lp-f-body-02\">Selon nos informations, Rennes d\u00e9boursera 18,5 millions d\u2019euros, auxquels peuvent s\u2019ajouter 3 millions de bonus. La r\u00e9partition exacte est la suivante : 13 M\u20ac + 1 de bonus pour Merlin ; 5,5 M\u20ac + 2 pour Rongier. Ils ont \u00e9t\u00e9 autoris\u00e9s \u00e0 quitter le rassemblement de l\u2019OM aux Pays-Bas et sont rentr\u00e9s \u00e0 Marseille dans la soir\u00e9e.<\/p>\n<p class=\"paragraph text_align_left lp-f-body-02\">Le lat\u00e9ral gauche, qui signera jusqu\u2019en 2029, et le milieu de terrain, jusqu\u2019en 2028, sont attendus \u00e0 Rennes, ce lundi, pour une arriv\u00e9e pr\u00e9vue \u00e0 la mi-journ\u00e9e. Ils passeront leur visite m\u00e9dicale avant de parapher les contrats mardi.<\/p>\n","protected":false},"excerpt":{"rendered":"Ce n\u2019est pas un, mais deux transferts que le Stade Rennais s\u2019appr\u00eate \u00e0 boucler en provenance de l\u2019Olympique&hellip;\n","protected":false},"author":2,"featured_media":261907,"comment_status":"","ping_status":"","sticky":false,"template":"","format":"standard","meta":{"footnotes":""},"categories":[2821],"tags":[1111,11,829,1777,674,63,1011,27,66,12,584,25,60],"class_list":{"0":"post-261906","1":"post","2":"type-post","3":"status-publish","4":"format-standard","5":"has-post-thumbnail","7":"category-rennes","8":"tag-actu","9":"tag-actualites","10":"tag-bretagne","11":"tag-eu","12":"tag-europe","13":"tag-football","14":"tag-fr","15":"tag-france","16":"tag-ligue-1","17":"tag-news","18":"tag-rennes","19":"tag-republique-francaise","20":"tag-sports"},"share_on_mastodon":{"url":"https:\/\/pubeurope.com\/@fr\/114887574252519778","error":""},"_links":{"self":[{"href":"https:\/\/www.europesays.com\/fr\/wp-json\/wp\/v2\/posts\/261906","targetHints":{"allow":["GET"]}}],"collection":[{"href":"https:\/\/www.europesays.com\/fr\/wp-json\/wp\/v2\/posts"}],"about":[{"href":"https:\/\/www.europesays.com\/fr\/wp-json\/wp\/v2\/types\/post"}],"author":[{"embeddable":true,"href":"https:\/\/www.europesays.com\/fr\/wp-json\/wp\/v2\/users\/2"}],"replies":[{"embeddable":true,"href":"https:\/\/www.europesays.com\/fr\/wp-json\/wp\/v2\/comments?post=261906"}],"version-history":[{"count":0,"href":"https:\/\/www.europesays.com\/fr\/wp-json\/wp\/v2\/posts\/261906\/revisions"}],"wp:featuredmedia":[{"embeddable":true,"href":"https:\/\/www.europesays.com\/fr\/wp-json\/wp\/v2\/media\/261907"}],"wp:attachment":[{"href":"https:\/\/www.europesays.com\/fr\/wp-json\/wp\/v2\/media?parent=261906"}],"wp:term":[{"taxonomy":"category","embeddable":true,"href":"https:\/\/www.europesays.com\/fr\/wp-json\/wp\/v2\/categories?post=261906"},{"taxonomy":"post_tag","embeddable":true,"href":"https:\/\/www.europesays.com\/fr\/wp-json\/wp\/v2\/tags?post=261906"}],"curies":[{"name":"wp","href":"https:\/\/api.w.org\/{rel}","templated":true}]}}