{"id":261914,"date":"2025-07-20T21:04:28","date_gmt":"2025-07-20T21:04:28","guid":{"rendered":"https:\/\/www.europesays.com\/fr\/261914\/"},"modified":"2025-07-20T21:04:28","modified_gmt":"2025-07-20T21:04:28","slug":"un-lieu-enchanteur-a-decouvrir-sur-leau-entre-deux-sevres-et-vendee","status":"publish","type":"post","link":"https:\/\/www.europesays.com\/fr\/261914\/","title":{"rendered":"un lieu enchanteur \u00e0 d\u00e9couvrir sur l\u2019eau entre Deux-S\u00e8vres et Vend\u00e9e"},"content":{"rendered":"<p>Le panorama pourrait \u00eatre tir\u00e9 d\u2019un tableau de C\u00e9zanne. En ce d\u00e9but de mois de juillet, la S\u00e8vre nantaise, paisible, se love au milieu d\u2019une v\u00e9g\u00e9tation dense\u00a0; quelques plantes aquatiques d\u00e9vorent m\u00eame les bords de la rivi\u00e8re.\u00a0Lorsqu\u2019on s\u2019avance dans ce paysage reposant, on distingue au loin quelques cano\u00ebs color\u00e9s situ\u00e9s au pied du moulin du Gu\u00e9. Un monument situ\u00e9 officiellement \u00e0 Montravers bien qu\u2019il soit plus proche de La Pommeraie-sur-S\u00e8vre (Vend\u00e9e), et qui appartenait autrefois \u00e0 la famille de Beauregard.<\/p>\n<p>C\u2019est pour ce lieu que Peggy et Patrick Geffriaud ont eu un coup de c\u0153ur, il y a trois ans, lors d\u2019une sortie kayak.\u00a0Le couple, souhaitant racheter cet endroit \u00e0 un propri\u00e9taire d\u00e9sireux de vendre, a alors engag\u00e9 de longues conversations avec l\u2019Agglom\u00e9ration du Bocage bressuirais (Agglo2B). \u00ab\u00a0Il s\u2019est pass\u00e9 un an d\u2019\u00e9changes avec l\u2019Agglo2B, et nous avons \u00e9crit un sc\u00e9nario de projet assez complet\u00a0\u00bb, pr\u00e9cise Patrick.<\/p>\n<p>\u00ab\u00a0Nous avons \u00e9crit un sc\u00e9nario de projet assez complet\u00a0\u00bb<\/p>\n<p>Les enjeux autour de cet espace, situ\u00e9 dans une zone dite \u00ab\u00a0pr\u00e9serv\u00e9e\u00a0\u00bb, sont en effet majeurs. Bien que la parcelle soit priv\u00e9e, elle est historiquement accessible au public gr\u00e2ce \u00e0 un chemin de randonn\u00e9e fr\u00e9quent\u00e9. \u00ab\u00a0Il y avait une inqui\u00e9tude au moment o\u00f9 on a achet\u00e9 car ils craignaient qu\u2019on coupe cet acc\u00e8s\u00a0\u00bb, pr\u00e9cise le propri\u00e9taire&#8230;. <\/p>\n<p>    Cet article a \u00e9t\u00e9 tronqu\u00e9. Abonnez-vous pour lire l&rsquo;article complet sur notre site.<\/p>\n<p style=\"margin: 0 !important; padding: 0 !important; font-size: 12px !important;\">Cet article a \u00e9t\u00e9 tronqu\u00e9. Abonnez-vous pour lire l&rsquo;article complet.<\/p>\n<p>    <a href=\"https:\/\/www.lanouvellerepublique.fr\/abonnements\" style=\"display: inline-block; margin-top: 5px !important; padding: 6px 12px !important; background: #cb1c27; color: white; text-decoration: none; border-radius: 4px; font-size: 12px !important;\" target=\"_blank\" rel=\"noopener\"><br \/>\n      S&rsquo;abonner<br \/>\n    <\/a><\/p>\n","protected":false},"excerpt":{"rendered":"Le panorama pourrait \u00eatre tir\u00e9 d\u2019un tableau de C\u00e9zanne. En ce d\u00e9but de mois de juillet, la S\u00e8vre&hellip;\n","protected":false},"author":2,"featured_media":261915,"comment_status":"","ping_status":"","sticky":false,"template":"","format":"standard","meta":{"footnotes":""},"categories":[2818],"tags":[1392,1111,11,20158,6753,2545,436,1777,674,1011,27,1393,40169,766,12,2636,25],"class_list":{"0":"post-261914","1":"post","2":"type-post","3":"status-publish","4":"format-standard","5":"has-post-thumbnail","7":"category-nantes","8":"tag-a-la-une-local","9":"tag-actu","10":"tag-actualites","11":"tag-agglo2b","12":"tag-bressuire","13":"tag-deux-sevres","14":"tag-environnement","15":"tag-eu","16":"tag-europe","17":"tag-fr","18":"tag-france","19":"tag-loisirs","20":"tag-montravers","21":"tag-nantes","22":"tag-news","23":"tag-pays-de-la-loire","24":"tag-republique-francaise"},"share_on_mastodon":{"url":"https:\/\/pubeurope.com\/@fr\/114887594150042016","error":""},"_links":{"self":[{"href":"https:\/\/www.europesays.com\/fr\/wp-json\/wp\/v2\/posts\/261914","targetHints":{"allow":["GET"]}}],"collection":[{"href":"https:\/\/www.europesays.com\/fr\/wp-json\/wp\/v2\/posts"}],"about":[{"href":"https:\/\/www.europesays.com\/fr\/wp-json\/wp\/v2\/types\/post"}],"author":[{"embeddable":true,"href":"https:\/\/www.europesays.com\/fr\/wp-json\/wp\/v2\/users\/2"}],"replies":[{"embeddable":true,"href":"https:\/\/www.europesays.com\/fr\/wp-json\/wp\/v2\/comments?post=261914"}],"version-history":[{"count":0,"href":"https:\/\/www.europesays.com\/fr\/wp-json\/wp\/v2\/posts\/261914\/revisions"}],"wp:featuredmedia":[{"embeddable":true,"href":"https:\/\/www.europesays.com\/fr\/wp-json\/wp\/v2\/media\/261915"}],"wp:attachment":[{"href":"https:\/\/www.europesays.com\/fr\/wp-json\/wp\/v2\/media?parent=261914"}],"wp:term":[{"taxonomy":"category","embeddable":true,"href":"https:\/\/www.europesays.com\/fr\/wp-json\/wp\/v2\/categories?post=261914"},{"taxonomy":"post_tag","embeddable":true,"href":"https:\/\/www.europesays.com\/fr\/wp-json\/wp\/v2\/tags?post=261914"}],"curies":[{"name":"wp","href":"https:\/\/api.w.org\/{rel}","templated":true}]}}