{"id":261930,"date":"2025-07-20T21:18:21","date_gmt":"2025-07-20T21:18:21","guid":{"rendered":"https:\/\/www.europesays.com\/fr\/261930\/"},"modified":"2025-07-20T21:18:21","modified_gmt":"2025-07-20T21:18:21","slug":"mercato-kluivert-debarque-a-lyon","status":"publish","type":"post","link":"https:\/\/www.europesays.com\/fr\/261930\/","title":{"rendered":"Mercato, Kluivert d\u00e9barque \u00e0 Lyon"},"content":{"rendered":"<p data-testid=\"article-teaser\">L\u00e9gende du football Patrick Kluivert devra se montrer plus souvent \u00e0 Lyon la saison prochaine. <\/p>\n<p>Dans un \u00e9t\u00e9 marqu\u00e9 par les incertitudes financi\u00e8res et les secousses en interne, l\u2019Olympique Lyonnais semble tenir son premier renfort d\u00e9fensif. Le club rhodanien, qui entame une phase de reconstruction sous la direction de Michele Kang, s&rsquo;appr\u00eate \u00e0 accueillir le fils d\u2019une l\u00e9gende Patrick Kluivert dans son effectif. Une op\u00e9ration strat\u00e9gique \u00e0 l&rsquo;heure o\u00f9 l&rsquo;OL cherche \u00e0 retrouver stabilit\u00e9 et ambition.<\/p>\n<p>L&rsquo;article continue ci-dessous<\/p>\n","protected":false},"excerpt":{"rendered":"L\u00e9gende du football Patrick Kluivert devra se montrer plus souvent \u00e0 Lyon la saison prochaine. Dans un \u00e9t\u00e9&hellip;\n","protected":false},"author":2,"featured_media":261931,"comment_status":"","ping_status":"","sticky":false,"template":"","format":"standard","meta":{"footnotes":""},"categories":[1889],"tags":[1111,11,2430,1777,674,1011,27,66,2428,1434,12,40171,25,28401],"class_list":{"0":"post-261930","1":"post","2":"type-post","3":"status-publish","4":"format-standard","5":"has-post-thumbnail","7":"category-lyon","8":"tag-actu","9":"tag-actualites","10":"tag-auvergne-rhone-alpes","11":"tag-eu","12":"tag-europe","13":"tag-fr","14":"tag-france","15":"tag-ligue-1","16":"tag-lyon","17":"tag-mercato","18":"tag-news","19":"tag-r-kluivert","20":"tag-republique-francaise","21":"tag-transfers"},"share_on_mastodon":{"url":"https:\/\/pubeurope.com\/@fr\/114887649013386275","error":""},"_links":{"self":[{"href":"https:\/\/www.europesays.com\/fr\/wp-json\/wp\/v2\/posts\/261930","targetHints":{"allow":["GET"]}}],"collection":[{"href":"https:\/\/www.europesays.com\/fr\/wp-json\/wp\/v2\/posts"}],"about":[{"href":"https:\/\/www.europesays.com\/fr\/wp-json\/wp\/v2\/types\/post"}],"author":[{"embeddable":true,"href":"https:\/\/www.europesays.com\/fr\/wp-json\/wp\/v2\/users\/2"}],"replies":[{"embeddable":true,"href":"https:\/\/www.europesays.com\/fr\/wp-json\/wp\/v2\/comments?post=261930"}],"version-history":[{"count":0,"href":"https:\/\/www.europesays.com\/fr\/wp-json\/wp\/v2\/posts\/261930\/revisions"}],"wp:featuredmedia":[{"embeddable":true,"href":"https:\/\/www.europesays.com\/fr\/wp-json\/wp\/v2\/media\/261931"}],"wp:attachment":[{"href":"https:\/\/www.europesays.com\/fr\/wp-json\/wp\/v2\/media?parent=261930"}],"wp:term":[{"taxonomy":"category","embeddable":true,"href":"https:\/\/www.europesays.com\/fr\/wp-json\/wp\/v2\/categories?post=261930"},{"taxonomy":"post_tag","embeddable":true,"href":"https:\/\/www.europesays.com\/fr\/wp-json\/wp\/v2\/tags?post=261930"}],"curies":[{"name":"wp","href":"https:\/\/api.w.org\/{rel}","templated":true}]}}