{"id":261932,"date":"2025-07-20T21:21:10","date_gmt":"2025-07-20T21:21:10","guid":{"rendered":"https:\/\/www.europesays.com\/fr\/261932\/"},"modified":"2025-07-20T21:21:10","modified_gmt":"2025-07-20T21:21:10","slug":"quelles-perturbations-prevoir-pour-la-ratp-et-la-sncf-cette-semaine-25","status":"publish","type":"post","link":"https:\/\/www.europesays.com\/fr\/261932\/","title":{"rendered":"Quelles perturbations pr\u00e9voir pour la RATP et la SNCF cette semaine ?"},"content":{"rendered":"<p>AFP Videos &#8211; France<\/p>\n<p><a class=\"Td(n) C($inherit) LineClamp(2,45px) D(f) rapidnofollow\" data-uuid=\"0e07ce21-1987-33e4-9c84-a9f05ec0b7e0\" href=\"https:\/\/fr.news.yahoo.com\/voiture-fonce-foule-%C3%A0-los-162219876.html\" data-ylk=\"elm:hdln;itc:0;pos:1;sec:strm;subsec:moreforyou;cpos:5;ct:video;g:0e07ce21-1987-33e4-9c84-a9f05ec0b7e0\" data-hosted-type=\"HOSTED\" target=\"_blank\" rel=\"noopener\">Une voiture fonce sur la foule \u00e0 Los Angeles, faisant 30 bless\u00e9s<\/a><\/p>\n<p class=\"M(0) C($summaryColor) Fz(14px) Lh(1.43em) LineClamp(3,60px)\">Une voiture a fonc\u00e9 sur un groupe de personnes rassembl\u00e9es devant une bo\u00eete de nuit de Los Angeles t\u00f4t samedi matin \u00ab\u00a0pour des raisons inconnues\u00a0\u00bb, faisant 30 bless\u00e9s, dont le conducteur du v\u00e9hicule, battu par la foule et touch\u00e9 par balle, selon la police.Plus de 120 pompiers se sont rendus sur les lieux \u00e0 East Hollywood o\u00f9 sept personnes sont dans un \u00ab\u00a0\u00e9tat critique\u00a0\u00bb et six dans un \u00ab\u00a0\u00e9tat grave\u00a0\u00bb, a ajout\u00e9 la m\u00eame source. Vingt-trois personnes ont \u00e9t\u00e9 transport\u00e9es \u00e0 l&rsquo;h\u00f4pital.\u00a0\u00ab\u00a0Vers 2H00 du matin, les agents de police ont r\u00e9pondu \u00e0 un appel faisant \u00e9tat d&rsquo;une agression avec une arme mortelle dans le secteur de Vermont Avenue et de Santa Monica Boulevard\u00a0\u00bb, a d\u00e9taill\u00e9 la LAPD, la police de Los Angeles, dans un communiqu\u00e9.\u00a0\u00ab\u00a0L&rsquo;enqu\u00eate pr\u00e9liminaire indique qu&rsquo;un v\u00e9hicule a fonc\u00e9 dans la foule pour des raisons encore inconnues\u00a0\u00bb, poursuit le communiqu\u00e9.\u00a0Le conducteur du v\u00e9hicule a \u00e9t\u00e9 extrait de la voiture par la foule puis \u00ab\u00a0agress\u00e9\u00a0\u00bb au cours d&rsquo;affrontements. Il a \u00e9t\u00e9 bless\u00e9 par balle et transport\u00e9 \u00e0 l&rsquo;h\u00f4pital, a pr\u00e9cis\u00e9 la police. Son \u00e9tat de sant\u00e9 demeure inconnu.\u00a0&#8211; Suspect recherch\u00e9 -Le suspect qui a tir\u00e9 sur le conducteur de la voiture a pris la fuite \u00e0 pieds et est activement recherch\u00e9 par la police, qui a d\u00e9taill\u00e9 ses caract\u00e9ristiques physiques dans une publication sur le r\u00e9seau social X.\u00a0un groupe de personnes, principalement des femmes, faisait la queue pour entrer dans la bo\u00eete de nuit, \u00e0 proximit\u00e9 d&rsquo;un camion vendant des tacos et du service voiturier, quand la voiture leur a fonc\u00e9 dessus, a expliqu\u00e9 Adam VanGerpen, chef des pompiers de Los Angeles \u00e0 la cha\u00eene de t\u00e9l\u00e9vision ABC News.\u00a0\u00bbLe guichet pour le service voiturier et le camion de tacos ont \u00e9t\u00e9 renvers\u00e9s, et un grand nombre de personnes ont \u00e9t\u00e9 touch\u00e9es par le v\u00e9hicule\u00a0\u00bb, a d\u00e9taill\u00e9 Adam VanGerpen aupr\u00e8s de la cha\u00eene de t\u00e9l\u00e9vision.\u00a0\u00ab\u00a0C&rsquo;est une trag\u00e9die d\u00e9chirante (&#8230;) Les c\u0153urs des habitants de Los Angeles sont avec toutes les victimes touch\u00e9es ce matin &#8211; une enqu\u00eate sur ce qui s&rsquo;est pass\u00e9 est en cours\u00a0\u00bb, a confirm\u00e9 la maire de la ville, Karen Bass, dans un communiqu\u00e9.\u00a0Samedi, \u00e0 l&rsquo;aube, une voiture au pare-chocs arrach\u00e9 et \u00e0 la porti\u00e8re en pi\u00e8ces \u00e9tait emport\u00e9e par les autorit\u00e9s locales devant le Vermont Hollywood, une salle de concert et bo\u00eete de nuit hupp\u00e9e, et le sol \u00e9tait jonch\u00e9 de d\u00e9bris, a constat\u00e9 un photographe de l&rsquo;AFP pr\u00e9sent sur place.\u00a0Le lieu accueillait un \u00e9v\u00e9nement de musique reggae et hip-hop de 22H00 \u00e0 2H00 du matin, selon son site internet.\u00a0La zone o\u00f9 l&rsquo;incident s&rsquo;est produit est proche d&rsquo;endroits tr\u00e8s fr\u00e9quent\u00e9s comme le Sunset Boulevard et le Walk of Fame, le trottoir orn\u00e9 d&rsquo;\u00e9toiles c\u00e9l\u00e9brant des personnalit\u00e9s du cin\u00e9ma.sms-vla\/ib<\/p>\n","protected":false},"excerpt":{"rendered":"AFP Videos &#8211; France Une voiture fonce sur la foule \u00e0 Los Angeles, faisant 30 bless\u00e9s Une voiture&hellip;\n","protected":false},"author":2,"featured_media":261933,"comment_status":"","ping_status":"","sticky":false,"template":"","format":"standard","meta":{"footnotes":""},"categories":[1592],"tags":[1111,11,4191,1777,674,1011,27,14904,662,12,626,25,12396],"class_list":{"0":"post-261932","1":"post","2":"type-post","3":"status-publish","4":"format-standard","5":"has-post-thumbnail","7":"category-ile-de-france","8":"tag-actu","9":"tag-actualites","10":"tag-aeroport-charles-de-gaulle","11":"tag-eu","12":"tag-europe","13":"tag-fr","14":"tag-france","15":"tag-gare-du-nord","16":"tag-ile-de-france","17":"tag-news","18":"tag-paris","19":"tag-republique-francaise","20":"tag-rer"},"share_on_mastodon":{"url":"https:\/\/pubeurope.com\/@fr\/114887660867058460","error":""},"_links":{"self":[{"href":"https:\/\/www.europesays.com\/fr\/wp-json\/wp\/v2\/posts\/261932","targetHints":{"allow":["GET"]}}],"collection":[{"href":"https:\/\/www.europesays.com\/fr\/wp-json\/wp\/v2\/posts"}],"about":[{"href":"https:\/\/www.europesays.com\/fr\/wp-json\/wp\/v2\/types\/post"}],"author":[{"embeddable":true,"href":"https:\/\/www.europesays.com\/fr\/wp-json\/wp\/v2\/users\/2"}],"replies":[{"embeddable":true,"href":"https:\/\/www.europesays.com\/fr\/wp-json\/wp\/v2\/comments?post=261932"}],"version-history":[{"count":0,"href":"https:\/\/www.europesays.com\/fr\/wp-json\/wp\/v2\/posts\/261932\/revisions"}],"wp:featuredmedia":[{"embeddable":true,"href":"https:\/\/www.europesays.com\/fr\/wp-json\/wp\/v2\/media\/261933"}],"wp:attachment":[{"href":"https:\/\/www.europesays.com\/fr\/wp-json\/wp\/v2\/media?parent=261932"}],"wp:term":[{"taxonomy":"category","embeddable":true,"href":"https:\/\/www.europesays.com\/fr\/wp-json\/wp\/v2\/categories?post=261932"},{"taxonomy":"post_tag","embeddable":true,"href":"https:\/\/www.europesays.com\/fr\/wp-json\/wp\/v2\/tags?post=261932"}],"curies":[{"name":"wp","href":"https:\/\/api.w.org\/{rel}","templated":true}]}}