{"id":261934,"date":"2025-07-20T21:22:09","date_gmt":"2025-07-20T21:22:09","guid":{"rendered":"https:\/\/www.europesays.com\/fr\/261934\/"},"modified":"2025-07-20T21:22:09","modified_gmt":"2025-07-20T21:22:09","slug":"un-couple-et-leur-fille-retrouves-morts-par-arme-a-feu-dans-les-hautes-alpes","status":"publish","type":"post","link":"https:\/\/www.europesays.com\/fr\/261934\/","title":{"rendered":"Un couple et leur fille retrouv\u00e9s morts par arme \u00e0 feu dans les Hautes-Alpes"},"content":{"rendered":"<p class=\"paragraph text_align_left lp-f-body-02\">Macabre d\u00e9couverte dans les Hautes-Alpes. Trois membres d\u2019une m\u00eame famille ont \u00e9t\u00e9 retrouv\u00e9s morts dimanche soir, dans la commune de La B\u00e2tie-Neuve, a appris Le Parisien de source judiciaire confirmant une information de <a href=\"https:\/\/www.bfmtv.com\/bfm-dici\/info-bfm-dici-la-batie-neuve-trois-membres-d-une-meme-famille-retrouves-morts-par-arme-a-feu_AN-202507200280.html\" target=\"_blank\" rel=\"noreferrer nofollow noopener\">BFMTV<\/a>. <\/p>\n<p class=\"paragraph text_align_left lp-f-body-02\">Les secours sont arriv\u00e9s sur les lieux drame, dans cette commune de 2500 habitants, aux alentours de 20 heures. Selon les premi\u00e8res constatations, les trois personnes sont mortes par balle. Il s\u2019agit d\u2019un couple n\u00e9 dans les ann\u00e9es 50 et de leur fille adulte. <\/p>\n<p>Un m\u00e9decin l\u00e9giste sur place<\/p>\n<p class=\"paragraph text_align_left lp-f-body-02\">La substitut de la procureure de Gap s\u2019est rendue sur place. Une \u00e9quipe d\u2019enqu\u00eateurs de la gendarmerie nationale est \u00e9galement pr\u00e9sente, tandis qu\u2019un m\u00e9decin l\u00e9giste doit arriver de Grenoble dans la soir\u00e9e. <\/p>\n<p class=\"paragraph text_align_left lp-f-body-02\">La procureure de la R\u00e9publique de Gap Marion Lozac\u2019hmeur pourrait donner plus d\u2019informations lundi, apr\u00e8s les premiers \u00e9l\u00e9ments fournis par l\u2019enqu\u00eate et les conclusions du m\u00e9decin l\u00e9giste. <\/p>\n","protected":false},"excerpt":{"rendered":"Macabre d\u00e9couverte dans les Hautes-Alpes. Trois membres d\u2019une m\u00eame famille ont \u00e9t\u00e9 retrouv\u00e9s morts dimanche soir, dans la&hellip;\n","protected":false},"author":2,"featured_media":141692,"comment_status":"","ping_status":"","sticky":false,"template":"","format":"standard","meta":{"footnotes":""},"categories":[1888],"tags":[1111,1928,11,1927,459,1777,674,118,1011,27,12,1926,626,1925,25],"class_list":{"0":"post-261934","1":"post","2":"type-post","3":"status-publish","4":"format-standard","5":"has-post-thumbnail","7":"category-paris","8":"tag-actu","9":"tag-actu-paris","10":"tag-actualites","11":"tag-actualites-paris","12":"tag-departements-horsidfo","13":"tag-eu","14":"tag-europe","15":"tag-faits-divers","16":"tag-fr","17":"tag-france","18":"tag-news","19":"tag-news-paris","20":"tag-paris","21":"tag-paris-news","22":"tag-republique-francaise"},"share_on_mastodon":{"url":"https:\/\/pubeurope.com\/@fr\/114887664836778086","error":""},"_links":{"self":[{"href":"https:\/\/www.europesays.com\/fr\/wp-json\/wp\/v2\/posts\/261934","targetHints":{"allow":["GET"]}}],"collection":[{"href":"https:\/\/www.europesays.com\/fr\/wp-json\/wp\/v2\/posts"}],"about":[{"href":"https:\/\/www.europesays.com\/fr\/wp-json\/wp\/v2\/types\/post"}],"author":[{"embeddable":true,"href":"https:\/\/www.europesays.com\/fr\/wp-json\/wp\/v2\/users\/2"}],"replies":[{"embeddable":true,"href":"https:\/\/www.europesays.com\/fr\/wp-json\/wp\/v2\/comments?post=261934"}],"version-history":[{"count":0,"href":"https:\/\/www.europesays.com\/fr\/wp-json\/wp\/v2\/posts\/261934\/revisions"}],"wp:featuredmedia":[{"embeddable":true,"href":"https:\/\/www.europesays.com\/fr\/wp-json\/wp\/v2\/media\/141692"}],"wp:attachment":[{"href":"https:\/\/www.europesays.com\/fr\/wp-json\/wp\/v2\/media?parent=261934"}],"wp:term":[{"taxonomy":"category","embeddable":true,"href":"https:\/\/www.europesays.com\/fr\/wp-json\/wp\/v2\/categories?post=261934"},{"taxonomy":"post_tag","embeddable":true,"href":"https:\/\/www.europesays.com\/fr\/wp-json\/wp\/v2\/tags?post=261934"}],"curies":[{"name":"wp","href":"https:\/\/api.w.org\/{rel}","templated":true}]}}