{"id":261935,"date":"2025-07-20T21:23:13","date_gmt":"2025-07-20T21:23:13","guid":{"rendered":"https:\/\/www.europesays.com\/fr\/261935\/"},"modified":"2025-07-20T21:23:13","modified_gmt":"2025-07-20T21:23:13","slug":"double-survivante-du-cancer-psg-5-choses-a-savoir-sur-ann-katrin-berger-heroine-de-lallemagne-face-aux-bleues","status":"publish","type":"post","link":"https:\/\/www.europesays.com\/fr\/261935\/","title":{"rendered":"Double survivante du cancer, PSG&#8230; 5 choses \u00e0 savoir sur Ann-Katrin Berger, h\u00e9ro\u00efne de l\u2019Allemagne face aux Bleues"},"content":{"rendered":"<p><strong>PORTRAIT<\/strong> &#8211; Ce samedi soir lors de l\u2019Euro f\u00e9minin, la gardienne allemande a largement contribu\u00e9 \u00e0 l\u2019\u00e9limination de l\u2019\u00e9quipe de France de foot. Partez \u00e0 la d\u00e9couverte d\u2019une joueuse \u00e0 la carri\u00e8re marqu\u00e9e par la r\u00e9silience.<\/p>\n<p>Victime de deux cancers de la thyro\u00efde<\/p>\n<p class=\"fig-paragraph\">Le parcours de vie d\u2019<a href=\"http:\/\/www.lefigaro.fr\/sports\/football\/france-allemagne-une-mannschaft-de-fer-berger-d-enfer-hendrich-et-majri-grotesques-les-tops-flops-20250720\" data-fig-type=\"NewsFlash\" data-gtm-custom-categorie=\"navigation\" data-gtm-custom-action=\"crossclick\" data-gtm-custom-label=\"Contextuel\" data-gtm-event=\"customEventSPE\" data-fig-domain=\"LEFIGARO\" target=\"_blank\" rel=\"noopener\">Ann-Katrin Berger<\/a>\u00a0force le respect et l\u2019admiration. La joueuse du Gotham FC (\u00c9tats-Unis) a surv\u00e9cu \u00e0 deux cancers de la thyro\u00efde. En 2017, son premier cancer est d\u00e9cel\u00e9 alors qu\u2019elle brille sous le maillot de Birmingham. \u00abQuand nous nous sommes r\u00e9unis pour discuter de la situation, Ann a instantan\u00e9ment fait dispara\u00eetre la peur et l\u2019incertitude. C\u2019est l\u2019une des personnes les plus fortes que j\u2019ai rencontr\u00e9es\u00bb, avait d\u2019ailleurs confi\u00e9 Marc Skinner, Son entra\u00eeneur de l\u2019\u00e9poque. Cinq ans plus tard, en 2022 et lors de l\u2019Euro en Angleterre, Berger est victime d\u2019une rechute. Un deuxi\u00e8me cancer de la thyro\u00efde. Plus forte que tout, elle parvient \u00e0 s\u2019en sortir, \u00e0 se battre pour finalement reprendre une brillante carri\u00e8re. Pour marquer ce combat, l\u2019Allemande porte un tatouage avec l\u2019inscription suivante\u00a0: \u00abTout ce que nous avons, c\u2019est maintenant\u00a0\u00bb. \u00abJ\u2019ai vraiment d\u00fb apprendre \u00e0 ne pas prendre ma sant\u00e9 comme un acquis\u00bb, avait-elle confi\u00e9 \u00e0 l\u2019UEFA derni\u00e8rement.<\/p>\n<p>Un passage discret au PSG<\/p>\n<p class=\"fig-paragraph\">En provenance du club allemand FFC Turbine Potsdam, la gardienne allemande rejoint la France et le Paris Saint-Germain. Sa v\u00e9ritable premi\u00e8re exp\u00e9rience dans un grand club. Dans l\u2019ombre de l\u2019excellente polonaise Katarzyna Kiedrzynek, Berger n\u2019aura disput\u00e9 que 15 rencontres en deux saisons. Elle aura toutefois fait partie de la belle aventure parisienne en Ligue des champions en 2015 malgr\u00e9 la d\u00e9faite en finale contre Francfort. Elle s\u2019est ensuite envol\u00e9e \u00e0 Birmingham, en Angleterre, l\u2019ann\u00e9e suivante.<\/p>\n<p>    Berger a disput\u00e9 deux saisons au PSG.<br \/>\n                Andre Ferreira \/ Icon Sport<\/p>\n<p>                                    <a class=\"fig-a11y-skip a11y-hidden\" href=\"#fig-a11y-skip-main-inarticle\"><br \/>\n        Passer la publicit\u00e9<br \/>\n    <\/a><\/p>\n<p>Sp\u00e9cialiste du penalty<\/p>\n<p class=\"fig-paragraph\">La native de G\u00f6ppingen, une petite ville non loin de Stuttgart, a \u00e9c\u0153ur\u00e9 Amel Majri, Alice Sombath et l\u2019\u00e9quipe de France lors de la s\u00e9ance des tirs au but samedi soir. Ann-Katrin Berger n\u2019est toutefois pas \u00e0 son premier coup d\u2019essai. En 2023 d\u00e9j\u00e0, lors du quart de finale de Ligue des champions contre Lyon avec Chelsea, elle avait repouss\u00e9 deux tirs. Lors des JO de Paris 2024, la joueuse de 34 ans a transform\u00e9 elle-m\u00eame le tir au but d\u00e9cisif contre le Canada&#8230; apr\u00e8s avoir d\u00e9j\u00e0 arr\u00eat\u00e9 deux tentatives adverses. Stoppeuse, mais pas que. Face aux Bleues, Berger avait pr\u00e9par\u00e9 une antis\u00e8che d\u00e9taillant les pr\u00e9f\u00e9rences de tir des adversaires. Elle \u00e9tait coll\u00e9e sur sa gourde.<\/p>\n<p>\u00abTrop paresseuse pour courir\u00bb<\/p>\n<p class=\"fig-paragraph\">\u00c0 quatre ans, Berger d\u00e9marre le football au KSG Eislingen. Elle poursuit son apprentissage par la suite au poste d\u2019attaquante, milieu et d\u00e9fenseure mais bascule en tant que gardienne \u00e0 16 ans. \u00abJ\u2019\u00e9tais trop paresseuse pour courir\u00bb, avait rigol\u00e9 l\u2019int\u00e9ress\u00e9e aupr\u00e8s du m\u00e9dia allemand\u00a0<a href=\"https:\/\/www.sueddeutsche.de\/sport\/frauenfussball-qualifikation-berger-1.5132758\" target=\"_blank\" rel=\"sponsored noopener\" data-gtm-custom-categorie=\"navigation\" data-gtm-custom-action=\"crossclick\" data-gtm-custom-label=\"Contextuel\" data-gtm-event=\"customEventSPE\">S\u00fcddeutsche Zeitung<\/a> . \u00c0 noter que ce n\u2019est qu\u2019en 2020, \u00e0 l\u2019\u00e2ge de 27 ans et lors d\u2019un match contre l\u2019Irlande, que l\u2019ancienne joueuse du PSG a \u00e9t\u00e9 s\u00e9lectionn\u00e9e en s\u00e9lection allemande.<\/p>\n<p>Elle joue avec sa compagne<\/p>\n<p class=\"fig-paragraph\">Ann-Katrin Berger partage sa vie avec Jess Carter, d\u00e9fenseure de la s\u00e9lection anglais. D\u2019abord co\u00e9quipi\u00e8re en 2016 \u00e0 Birmingham, les deux joueuses se sont ensuite suivies \u00e0 Chelsea puis actuellement au Gotham FC, aux \u00c9tats-Unis. La gardienne allemande a d\u2019ailleurs souvent soulign\u00e9 le soutien inconditionnel et crucial de sa compagne lors de ses gros ennuis de sant\u00e9.<\/p>\n","protected":false},"excerpt":{"rendered":"PORTRAIT &#8211; Ce samedi soir lors de l\u2019Euro f\u00e9minin, la gardienne allemande a largement contribu\u00e9 \u00e0 l\u2019\u00e9limination de&hellip;\n","protected":false},"author":2,"featured_media":261936,"comment_status":"","ping_status":"","sticky":false,"template":"","format":"standard","meta":{"footnotes":""},"categories":[1888],"tags":[1111,1928,11,1927,64,1777,38852,674,3236,1011,27,12,1926,626,1925,25],"class_list":{"0":"post-261935","1":"post","2":"type-post","3":"status-publish","4":"format-standard","5":"has-post-thumbnail","7":"category-paris","8":"tag-actu","9":"tag-actu-paris","10":"tag-actualites","11":"tag-actualites-paris","12":"tag-equipe-de-france","13":"tag-eu","14":"tag-euro-de-football-feminin","15":"tag-europe","16":"tag-football-feminin","17":"tag-fr","18":"tag-france","19":"tag-news","20":"tag-news-paris","21":"tag-paris","22":"tag-paris-news","23":"tag-republique-francaise"},"share_on_mastodon":{"url":"https:\/\/pubeurope.com\/@fr\/114887668807760910","error":""},"_links":{"self":[{"href":"https:\/\/www.europesays.com\/fr\/wp-json\/wp\/v2\/posts\/261935","targetHints":{"allow":["GET"]}}],"collection":[{"href":"https:\/\/www.europesays.com\/fr\/wp-json\/wp\/v2\/posts"}],"about":[{"href":"https:\/\/www.europesays.com\/fr\/wp-json\/wp\/v2\/types\/post"}],"author":[{"embeddable":true,"href":"https:\/\/www.europesays.com\/fr\/wp-json\/wp\/v2\/users\/2"}],"replies":[{"embeddable":true,"href":"https:\/\/www.europesays.com\/fr\/wp-json\/wp\/v2\/comments?post=261935"}],"version-history":[{"count":0,"href":"https:\/\/www.europesays.com\/fr\/wp-json\/wp\/v2\/posts\/261935\/revisions"}],"wp:featuredmedia":[{"embeddable":true,"href":"https:\/\/www.europesays.com\/fr\/wp-json\/wp\/v2\/media\/261936"}],"wp:attachment":[{"href":"https:\/\/www.europesays.com\/fr\/wp-json\/wp\/v2\/media?parent=261935"}],"wp:term":[{"taxonomy":"category","embeddable":true,"href":"https:\/\/www.europesays.com\/fr\/wp-json\/wp\/v2\/categories?post=261935"},{"taxonomy":"post_tag","embeddable":true,"href":"https:\/\/www.europesays.com\/fr\/wp-json\/wp\/v2\/tags?post=261935"}],"curies":[{"name":"wp","href":"https:\/\/api.w.org\/{rel}","templated":true}]}}